{"id":21104,"date":"2025-09-29T19:45:51","date_gmt":"2025-09-29T23:45:51","guid":{"rendered":"https:\/\/agromt.news\/?p=21104"},"modified":"2025-09-29T19:45:51","modified_gmt":"2025-09-29T23:45:51","slug":"confira-os-precos-da-arroba-do-boi-neste-inicio-de-semana-2","status":"publish","type":"post","link":"https:\/\/agromt.news\/?p=21104","title":{"rendered":"confira os pre\u00e7os da arroba do boi neste in\u00edcio de semana"},"content":{"rendered":"<p> <br \/>\n<\/p>\n<div>\n<p>O mercado f\u00edsico do boi gordo se depara com pre\u00e7os em predominante acomoda\u00e7\u00e3o no in\u00edcio da semana. <\/p>\n<p>Segundo o analista da consultoria Safras &amp; Mercado Fernando Henrique Iglesias, o ambiente de neg\u00f3cios ainda sugere por algumas tentativas de compra em patamares mais baixos.<\/p>\n<p>\u201cVale destacar que as escalas de abate ainda apresentam relativo conforto. As grandes ind\u00fastrias pa\u00eds a fora ainda contam com boa incid\u00eancia de animais de parceria\u201d. <\/p>\n<p>Segundo ele, o desempenho das exporta\u00e7\u00f5es de carne bovina s\u00e3o o ponto de sustenta\u00e7\u00e3o dos pre\u00e7os, com crescimento importante do volume embarcado e com incremento ainda mais relevante da receita.<\/p>\n<h2 class=\"wp-block-heading\" id=\"h-precos-medios-do-boi-gordo\">Pre\u00e7os m\u00e9dios do boi gordo<\/h2>\n<ul class=\"wp-block-list\">\n<li><strong>S\u00e3o Paulo:<\/strong> R$ 302,97 \u2014 ontem: R$ 303,17<\/li>\n<li><strong>Goi\u00e1s:<\/strong> R$ 287,14 \u2014 R$ 286,61<\/li>\n<li><strong>Minas Gerais:<\/strong> R$ 285,88 \u2014 R$ 285,29<\/li>\n<li><strong>Mato Grosso do Sul<\/strong>: R$ 318,75 \u2014 R$ 319,59<\/li>\n<li><strong>Mato Grosso:<\/strong> R$ 294,14 \u2014 R$ 293,05<\/li>\n<\/ul>\n<h2 class=\"wp-block-heading\" id=\"h-mercado-atacadista\">Mercado atacadista<\/h2>\n<p>O mercado atacadista abre a semana apresentando acomoda\u00e7\u00e3o em seus pre\u00e7os, com alguma expectativa em torno da demanda durante a primeira quinzena do m\u00eas, com a entrada dos sal\u00e1rios na economia motivando a reposi\u00e7\u00e3o entre atacado e varejo.<\/p>\n<p>O quarto traseiro ainda \u00e9 precificado a R$ 23,00 por quilo; o dianteiro segue cotado a R$ 17,00 por quilo; e a ponta de agulha ainda \u00e9 precificada a R$ 16,50.<\/p>\n<h2 class=\"wp-block-heading\" id=\"h-exportacao-de-carne-bovina\">Exporta\u00e7\u00e3o de carne bovina<\/h2>\n<figure class=\"wp-block-image size-large\"><img fetchpriority=\"high\" decoding=\"async\" width=\"1024\" height=\"682\" src=\"https:\/\/agromt.news\/wp-content\/uploads\/2025\/05\/Queda-da-arroba-do-boi-em-maio-e-intensificada-pela.jpg\" alt=\"carne bovina exporta\u00e7\u00f5es China\" class=\"wp-image-4081957\"  \/><figcaption class=\"wp-element-caption\">Foto: Pixabay<\/figcaption><\/figure>\n<p><strong><a href=\"https:\/\/www.canalrural.com.br\/pecuaria\/exportacoes-de-carne-bovina-e-suina-tem-alta-de-24\/\">As exporta\u00e7\u00f5es de carne bovina<\/a><\/strong> fresca, congelada ou refrigerada do Brasil renderam US$ 1,654 bilh\u00e3o em setembro (20 dias \u00fateis), com m\u00e9dia di\u00e1ria de US$ 82,713 milh\u00f5es, conforme dados da Secretaria de Com\u00e9rcio Exterior (Secex). <\/p>\n<p>A quantidade total exportada pelo pa\u00eds chegou a 294,706 mil toneladas, com m\u00e9dia di\u00e1ria de 14,735 mil toneladas. O pre\u00e7o m\u00e9dio da tonelada ficou em US$ 5.613,20. <\/p>\n<p>Em rela\u00e7\u00e3o a setembro de 2024, houve alta de <strong>52,9%<\/strong> no valor m\u00e9dio di\u00e1rio da exporta\u00e7\u00e3o, ganho de <strong>23,6%<\/strong> na quantidade m\u00e9dia di\u00e1ria exportada e avan\u00e7o de <strong>24,4%<\/strong> no pre\u00e7o m\u00e9dio. <\/p>\n<h2 class=\"wp-block-heading\" id=\"h-cambio\">C\u00e2mbio<\/h2>\n<p>O d\u00f3lar comercial encerrou a sess\u00e3o em queda de 0,30%, sendo negociado a R$ 5,3212 para venda e a R$ 5,3192 para compra. Durante o dia, a moeda norte-americana oscilou entre a m\u00ednima de R$ 5,3058 e a m\u00e1xima de R$ 5,3458.<\/p>\n<\/p><\/div>\n<p><br \/>\n<br \/><a href=\"https:\/\/www.canalrural.com.br\/pecuaria\/mercado-pecuario-confira-os-precos-da-arroba-do-boi-neste-inicio-de-semana\/\">Source link <\/a><\/p>\n","protected":false},"excerpt":{"rendered":"<p>O mercado f\u00edsico do boi gordo se depara com pre\u00e7os em predominante acomoda\u00e7\u00e3o no in\u00edcio da semana. Segundo o analista<\/p>\n","protected":false},"author":1,"featured_media":9848,"comment_status":"open","ping_status":"open","sticky":false,"template":"","format":"standard","meta":{"_monsterinsights_skip_tracking":false,"_monsterinsights_sitenote_active":false,"_monsterinsights_sitenote_note":"","_monsterinsights_sitenote_category":0,"_uf_show_specific_survey":0,"_uf_disable_surveys":false,"footnotes":""},"categories":[1],"tags":[],"class_list":["post-21104","post","type-post","status-publish","format-standard","has-post-thumbnail","hentry","category-news"],"_links":{"self":[{"href":"https:\/\/agromt.news\/index.php?rest_route=\/wp\/v2\/posts\/21104"}],"collection":[{"href":"https:\/\/agromt.news\/index.php?rest_route=\/wp\/v2\/posts"}],"about":[{"href":"https:\/\/agromt.news\/index.php?rest_route=\/wp\/v2\/types\/post"}],"author":[{"embeddable":true,"href":"https:\/\/agromt.news\/index.php?rest_route=\/wp\/v2\/users\/1"}],"replies":[{"embeddable":true,"href":"https:\/\/agromt.news\/index.php?rest_route=%2Fwp%2Fv2%2Fcomments&post=21104"}],"version-history":[{"count":0,"href":"https:\/\/agromt.news\/index.php?rest_route=\/wp\/v2\/posts\/21104\/revisions"}],"wp:featuredmedia":[{"embeddable":true,"href":"https:\/\/agromt.news\/index.php?rest_route=\/wp\/v2\/media\/9848"}],"wp:attachment":[{"href":"https:\/\/agromt.news\/index.php?rest_route=%2Fwp%2Fv2%2Fmedia&parent=21104"}],"wp:term":[{"taxonomy":"category","embeddable":true,"href":"https:\/\/agromt.news\/index.php?rest_route=%2Fwp%2Fv2%2Fcategories&post=21104"},{"taxonomy":"post_tag","embeddable":true,"href":"https:\/\/agromt.news\/index.php?rest_route=%2Fwp%2Fv2%2Ftags&post=21104"}],"curies":[{"name":"wp","href":"https:\/\/api.w.org\/{rel}","templated":true}]}}