{"id":21085,"date":"2025-09-29T17:22:56","date_gmt":"2025-09-29T21:22:56","guid":{"rendered":"https:\/\/agromt.news\/?p=21085"},"modified":"2025-09-29T17:22:56","modified_gmt":"2025-09-29T21:22:56","slug":"produtores-alcancam-95-de-recuperacao-ao-adotar-medidas-contra-a-podridao-da-uva","status":"publish","type":"post","link":"https:\/\/agromt.news\/?p=21085","title":{"rendered":"Produtores alcan\u00e7am 95% de recupera\u00e7\u00e3o ao adotar medidas contra a podrid\u00e3o da uva"},"content":{"rendered":"<p> <br \/>\n<br \/><img decoding=\"async\" src=\"https:\/\/agromt.news\/wp-content\/uploads\/2025\/09\/Produtores-alcancam-95-de-recuperacao-ao-adotar-medidas-contra-a.jpg\" \/><\/p>\n<div>\n<p>Uma a\u00e7\u00e3o conjunta entre a <a href=\"https:\/\/www.canalrural.com.br\/tag\/embrapa\/\">Embrapa<\/a>, \u00f3rg\u00e3os estaduais e prefeituras de S\u00e3o Paulo conseguiu recuperar 95% do cultivo de uvas niagara em propriedades do Circuito das Frutas. <\/p>\n<p>Em 2024, a produ\u00e7\u00e3o de uvas da regi\u00e3o foi gravemente afetada por uma epidemia da doen\u00e7a conhecida como podrid\u00e3o da uva madura, causada por um fungo que dizimou lavouras inteiras.<\/p>\n<p>Foi criado o plano emergencial de controle \u00e0 podrid\u00e3o madura da uva, que selecionou propriedades rurais para aplica\u00e7\u00e3o de fungicidas e ado\u00e7\u00e3o de boas pr\u00e1ticas recomendadas pelas equipes t\u00e9cnicas da Embrapa. Os produtores que seguiram 100% das orienta\u00e7\u00f5es conseguiram \u00edndices de at\u00e9 95% de recupera\u00e7\u00e3o da produ\u00e7\u00e3o.<\/p>\n<p>O pesquisador da Embrapa Uva e Vinho, Lucas Garrido, explica que o cen\u00e1rio se agravou nos \u00faltimos anos.<\/p>\n<p>\u201cEssa doen\u00e7a apareceu nos vinhedos da regi\u00e3o do Circuito das Frutas em maior intensidade nos \u00faltimos cinco anos. J\u00e1 na safra de 2023, alguns produtores chegaram a ter perdas de at\u00e9 100%. Muitos se desmotivaram at\u00e9 com a cultura da uva\u201d, destaca.<\/p>\n<figure class=\"wp-block-embed is-type-video is-provider-youtube wp-block-embed-youtube wp-embed-aspect-16-9 wp-has-aspect-ratio\">\n<p>\n<iframe title=\"Parceria entre Embrapa e prefeituras recupera 95% das \u00e1reas atingidas pela podrid\u00e3o da uva\" width=\"800\" height=\"450\" src=\"https:\/\/www.youtube.com\/embed\/1qAgXIXmQoI?feature=oembed\" frameborder=\"0\" allow=\"accelerometer; autoplay; clipboard-write; encrypted-media; gyroscope; picture-in-picture; web-share\" referrerpolicy=\"strict-origin-when-cross-origin\" allowfullscreen><\/iframe>\n<\/p>\n<\/figure>\n<h2 class=\"wp-block-heading\" id=\"h-causas-da-doenca\">Causas da doen\u00e7a<\/h2>\n<p>Segundo ele, a doen\u00e7a pode infectar mais de 600 esp\u00e9cies de plantas e se espalha quando pr\u00e1ticas de manejo n\u00e3o s\u00e3o adotadas corretamente.<\/p>\n<p>\u201cMuitos produtores n\u00e3o retiravam os restos culturais, que s\u00e3o a principal fonte de in\u00f3culo de uma safra para outra, e usavam produtos que n\u00e3o eram recomendados. Com isso, aliado a temperaturas mais altas e chuvas concentradas, o fungo encontrou condi\u00e7\u00f5es ideais para se espalhar\u201d, explica.<\/p>\n<h2 class=\"wp-block-heading\" id=\"h-estrategia-de-combate-a-podridao\">Estrat\u00e9gia de combate a podrid\u00e3o <\/h2>\n<p>A estrat\u00e9gia adotada pela Embrapa e parceiros envolveu ajustes no manejo e recomenda\u00e7\u00f5es de aplica\u00e7\u00e3o pr\u00e1tica de produtos.<\/p>\n<p>\u201cN\u00e3o adianta ter o melhor produto se ele n\u00e3o chegar ao alvo. Identificamos falhas na calibragem dos pulverizadores, aus\u00eancia da retirada dos restos culturais e uso de produtos inadequados. A partir dessas informa\u00e7\u00f5es, passamos a recomendar pr\u00e1ticas como aplica\u00e7\u00f5es de calda bordalesa e sufoc\u00e1lcica no per\u00edodo de dorm\u00eancia, al\u00e9m de fungicidas e produtos biol\u00f3gicos ao longo do ciclo\u201d, conta o pesquisador.<\/p>\n<p>O plano emergencial, segundo o pesquisador, devolveu a confian\u00e7a aos produtores. \u201cAs propriedades que seguiram integralmente as orienta\u00e7\u00f5es conseguiram recuperar at\u00e9 95% da produ\u00e7\u00e3o\u201d, afirma.<\/p>\n<\/p><\/div>\n<p><br \/>\n<br \/><a href=\"https:\/\/www.canalrural.com.br\/agricultura\/produtores-alcancam-95-de-recuperacao-ao-adotar-medidas-contra-a-podridao-da-uva\/\">Source link <\/a><\/p>\n","protected":false},"excerpt":{"rendered":"<p>Uma a\u00e7\u00e3o conjunta entre a Embrapa, \u00f3rg\u00e3os estaduais e prefeituras de S\u00e3o Paulo conseguiu recuperar 95% do cultivo de uvas<\/p>\n","protected":false},"author":1,"featured_media":21086,"comment_status":"open","ping_status":"open","sticky":false,"template":"","format":"standard","meta":{"_monsterinsights_skip_tracking":false,"_monsterinsights_sitenote_active":false,"_monsterinsights_sitenote_note":"","_monsterinsights_sitenote_category":0,"_uf_show_specific_survey":0,"_uf_disable_surveys":false,"footnotes":""},"categories":[1],"tags":[],"class_list":["post-21085","post","type-post","status-publish","format-standard","has-post-thumbnail","hentry","category-news"],"_links":{"self":[{"href":"https:\/\/agromt.news\/index.php?rest_route=\/wp\/v2\/posts\/21085"}],"collection":[{"href":"https:\/\/agromt.news\/index.php?rest_route=\/wp\/v2\/posts"}],"about":[{"href":"https:\/\/agromt.news\/index.php?rest_route=\/wp\/v2\/types\/post"}],"author":[{"embeddable":true,"href":"https:\/\/agromt.news\/index.php?rest_route=\/wp\/v2\/users\/1"}],"replies":[{"embeddable":true,"href":"https:\/\/agromt.news\/index.php?rest_route=%2Fwp%2Fv2%2Fcomments&post=21085"}],"version-history":[{"count":0,"href":"https:\/\/agromt.news\/index.php?rest_route=\/wp\/v2\/posts\/21085\/revisions"}],"wp:featuredmedia":[{"embeddable":true,"href":"https:\/\/agromt.news\/index.php?rest_route=\/wp\/v2\/media\/21086"}],"wp:attachment":[{"href":"https:\/\/agromt.news\/index.php?rest_route=%2Fwp%2Fv2%2Fmedia&parent=21085"}],"wp:term":[{"taxonomy":"category","embeddable":true,"href":"https:\/\/agromt.news\/index.php?rest_route=%2Fwp%2Fv2%2Fcategories&post=21085"},{"taxonomy":"post_tag","embeddable":true,"href":"https:\/\/agromt.news\/index.php?rest_route=%2Fwp%2Fv2%2Ftags&post=21085"}],"curies":[{"name":"wp","href":"https:\/\/api.w.org\/{rel}","templated":true}]}}