{"id":21083,"date":"2025-09-29T17:08:45","date_gmt":"2025-09-29T21:08:45","guid":{"rendered":"https:\/\/agromt.news\/?p=21083"},"modified":"2025-09-29T17:08:45","modified_gmt":"2025-09-29T21:08:45","slug":"programa-quer-impulsionar-uso-responsavel-de-defensivos-agricolas","status":"publish","type":"post","link":"https:\/\/agromt.news\/?p=21083","title":{"rendered":"Programa quer impulsionar uso respons\u00e1vel de defensivos agr\u00edcolas"},"content":{"rendered":"<p> <br \/>\n<br \/><img decoding=\"async\" src=\"https:\/\/agromt.news\/wp-content\/uploads\/2025\/09\/Programa-quer-impulsionar-uso-responsavel-de-defensivos-agricolas.jpg\" \/><\/p>\n<div>\n<p>\u00c9 consenso entre agr\u00f4nomos que o Brasil s\u00f3 figura entre os l\u00edderes mundiais na produ\u00e7\u00e3o de <strong><a href=\"https:\/\/www.canalrural.com.br\/tag\/alimentos\/\">alimentos<\/a><\/strong> gra\u00e7as ao uso de tecnologias como os defensivos agr\u00edcolas.<\/p>\n<p>Diferente de pa\u00edses de clima temperado, que enfrentam uma ou duas safras ao ano e t\u00eam invernos rigorosos que reduzem naturalmente a incid\u00eancia de<strong> <a href=\"https:\/\/www.canalrural.com.br\/tag\/pragas\/\">pragas<\/a><\/strong>, o Brasil est\u00e1 localizado em regi\u00e3o tropical e, com isso, cultiva praticamente o ano todo.<\/p>\n<p>Isso significa tamb\u00e9m conviver com condi\u00e7\u00f5es ideais para a prolifera\u00e7\u00e3o cont\u00ednua de <strong><a href=\"https:\/\/www.canalrural.com.br\/tag\/insetos\/\">insetos<\/a><\/strong>, fungos e <a href=\"https:\/\/www.canalrural.com.br\/tag\/doenca\/\">doen\u00e7as<\/a> agr\u00edcolas. Nesse cen\u00e1rio, os defensivos foram decisivos para garantir produtividade e<strong> <a href=\"https:\/\/www.canalrural.com.br\/tag\/seguranca-alimentar\/\">seguran\u00e7a alimentar<\/a><\/strong>.<\/p>\n<p>Contudo, o professor-doutor aposentado da Faculdade de Ci\u00eancias M\u00e9dicas da Unicamp e membro do Conselho Cient\u00edfico Agro Sustent\u00e1vel (<strong><a href=\"https:\/\/www.canalrural.com.br\/tag\/ccas\/\">CCAS<\/a><\/strong>), Angelo Zanaga Trap\u00e9, ressalta que n\u00e3o se pode fechar os olhos diante do uso massivo desses produtos.<\/p>\n<p>Ainda assim, faz quest\u00e3o de lembrar que os riscos atribu\u00eddos aos pesticidas surgem n\u00e3o pelo defensivo em si, mas pelo manuseio incorreto e pela falta de acompanhamento das popula\u00e7\u00f5es mais expostas.<\/p>\n<p>Por essa raz\u00e3o, o especialista defende a cria\u00e7\u00e3o de um Programa Nacional de Aten\u00e7\u00e3o \u00e0 Sa\u00fade de Popula\u00e7\u00f5es Expostas a Pesticidas.<\/p>\n<p>\u201cTrabalhadores rurais que manuseiam os produtos, agricultores envolvidos em atividades de colheita e at\u00e9 mesmo familiares que vivem pr\u00f3ximos \u00e0s \u00e1reas de produ\u00e7\u00e3o podem estar em contato com pesticidas. Isso n\u00e3o significa que estejam intoxicados, mas que precisam de acompanhamento adequado\u201d, destaca Trap\u00e9.<\/p>\n<h2 class=\"wp-block-heading\" id=\"h-protocolos-de-monitoramento\">Protocolos de monitoramento<\/h2>\n<p>De acordo com o professor, o maior desafio est\u00e1 na falta de capacita\u00e7\u00e3o dos profissionais de sa\u00fade e na aus\u00eancia de protocolos claros de monitoramento.<\/p>\n<p>\u201cO sistema de notifica\u00e7\u00e3o ainda \u00e9 falho. Muitas vezes n\u00e3o se diferencia uma simples exposi\u00e7\u00e3o de um caso real de intoxica\u00e7\u00e3o, o que gera distor\u00e7\u00f5es nos dados e prejudica a preven\u00e7\u00e3o\u201d, alerta.<\/p>\n<p>Trap\u00e9 sugere que o Programa envolva as seguintes iniciativas:<\/p>\n<ul class=\"wp-block-list\">\n<li>Atendimento m\u00e9dico especializado para identificar corretamente os casos relacionados \u00e0 exposi\u00e7\u00e3o;<\/li>\n<li>Capacita\u00e7\u00e3o dos profissionais de sa\u00fade em \u00e1reas agr\u00edcolas;<\/li>\n<li>Monitoramento peri\u00f3dico das popula\u00e7\u00f5es expostas, com exames laboratoriais quando necess\u00e1rio;<\/li>\n<li>Educa\u00e7\u00e3o e conscientiza\u00e7\u00e3o sobre o uso correto e seguro dos defensivos;<\/li>\n<li>Fortalecimento da fiscaliza\u00e7\u00e3o e do cumprimento das normas j\u00e1 existentes.<\/li>\n<\/ul>\n<h2 class=\"wp-block-heading\" id=\"h-defensivo-e-aliado-da-agricultura-sustentavel\">Defensivo \u00e9 aliado da agricultura sustent\u00e1vel<\/h2>\n<p>Para o professor, a proposta n\u00e3o \u00e9 restringir o uso de defensivos agr\u00edcolas, mas sim dar mais seguran\u00e7a a quem trabalha no campo e refor\u00e7ar a imagem de um setor sustent\u00e1vel e respons\u00e1vel:<\/p>\n<p>\u201cQuando usados de forma adequada, com equipamentos de prote\u00e7\u00e3o individual e acompanhamento de sa\u00fade, os pesticidas cumprem sua fun\u00e7\u00e3o essencial sem colocar em risco o trabalhador. O programa traria mais equil\u00edbrio e refor\u00e7aria a imagem de um agro sustent\u00e1vel e respons\u00e1vel\u201d, considera.<\/p>\n<p>*<em>Sob supervis\u00e3o de Victor Faverin<\/em><\/p>\n<\/p><\/div>\n<p><br \/>\n<br \/><a href=\"https:\/\/www.canalrural.com.br\/diversos\/programa-quer-impulsionar-uso-responsavel-de-defensivos-agricolas\/\">Source link <\/a><\/p>\n","protected":false},"excerpt":{"rendered":"<p>\u00c9 consenso entre agr\u00f4nomos que o Brasil s\u00f3 figura entre os l\u00edderes mundiais na produ\u00e7\u00e3o de alimentos gra\u00e7as ao uso<\/p>\n","protected":false},"author":1,"featured_media":21084,"comment_status":"open","ping_status":"open","sticky":false,"template":"","format":"standard","meta":{"_monsterinsights_skip_tracking":false,"_monsterinsights_sitenote_active":false,"_monsterinsights_sitenote_note":"","_monsterinsights_sitenote_category":0,"_uf_show_specific_survey":0,"_uf_disable_surveys":false,"footnotes":""},"categories":[1],"tags":[],"class_list":["post-21083","post","type-post","status-publish","format-standard","has-post-thumbnail","hentry","category-news"],"_links":{"self":[{"href":"https:\/\/agromt.news\/index.php?rest_route=\/wp\/v2\/posts\/21083"}],"collection":[{"href":"https:\/\/agromt.news\/index.php?rest_route=\/wp\/v2\/posts"}],"about":[{"href":"https:\/\/agromt.news\/index.php?rest_route=\/wp\/v2\/types\/post"}],"author":[{"embeddable":true,"href":"https:\/\/agromt.news\/index.php?rest_route=\/wp\/v2\/users\/1"}],"replies":[{"embeddable":true,"href":"https:\/\/agromt.news\/index.php?rest_route=%2Fwp%2Fv2%2Fcomments&post=21083"}],"version-history":[{"count":0,"href":"https:\/\/agromt.news\/index.php?rest_route=\/wp\/v2\/posts\/21083\/revisions"}],"wp:featuredmedia":[{"embeddable":true,"href":"https:\/\/agromt.news\/index.php?rest_route=\/wp\/v2\/media\/21084"}],"wp:attachment":[{"href":"https:\/\/agromt.news\/index.php?rest_route=%2Fwp%2Fv2%2Fmedia&parent=21083"}],"wp:term":[{"taxonomy":"category","embeddable":true,"href":"https:\/\/agromt.news\/index.php?rest_route=%2Fwp%2Fv2%2Fcategories&post=21083"},{"taxonomy":"post_tag","embeddable":true,"href":"https:\/\/agromt.news\/index.php?rest_route=%2Fwp%2Fv2%2Ftags&post=21083"}],"curies":[{"name":"wp","href":"https:\/\/api.w.org\/{rel}","templated":true}]}}