{"id":21081,"date":"2025-09-29T16:54:33","date_gmt":"2025-09-29T20:54:33","guid":{"rendered":"https:\/\/agromt.news\/?p=21081"},"modified":"2025-09-29T16:54:33","modified_gmt":"2025-09-29T20:54:33","slug":"consumo-de-cafe-cresce-na-china-e-pais-entra-na-mira-do-brasil","status":"publish","type":"post","link":"https:\/\/agromt.news\/?p=21081","title":{"rendered":"Consumo de caf\u00e9 cresce na China e pa\u00eds entra na mira do Brasil"},"content":{"rendered":"<p> <br \/>\n<br \/><img decoding=\"async\" src=\"https:\/\/agromt.news\/wp-content\/uploads\/2025\/09\/Consumo-de-cafe-cresce-na-China-e-pais-entra-na.jpg\" \/><\/p>\n<div>\n\t\t<iframe title=\"Feira internacional revela tend\u00eancias do consumo de caf\u00e9 na China e oportunidades para o Brasil\" width=\"800\" height=\"450\" src=\"https:\/\/www.youtube.com\/embed\/pS_NKpu9YWQ?feature=oembed\" frameborder=\"0\" allow=\"accelerometer; autoplay; clipboard-write; encrypted-media; gyroscope; picture-in-picture; web-share\" referrerpolicy=\"strict-origin-when-cross-origin\" allowfullscreen><\/iframe><noscript><iframe title=\"Feira internacional revela tend\u00eancias do consumo de caf\u00e9 na China e oportunidades para o Brasil\" width=\"800\" height=\"450\" src=\"https:\/\/www.youtube.com\/embed\/pS_NKpu9YWQ?feature=oembed\" frameborder=\"0\" allow=\"accelerometer; autoplay; clipboard-write; encrypted-media; gyroscope; picture-in-picture; web-share\" referrerpolicy=\"strict-origin-when-cross-origin\" allowfullscreen><\/iframe><\/noscript><\/p>\n<p>Com quase dois meses ap\u00f3s a imposi\u00e7\u00e3o de tarifas de 50% pelos Estados Unidos sobre produtos brasileiros, <a href=\"https:\/\/www.canalrural.com.br\/agricultura\/tarifaco-deve-levar-brasil-a-ampliar-mercado-de-cafe-com-a-china\/\">o setor de caf\u00e9 do Brasil j\u00e1 enxerga na China uma alternativa promissora para escoar parte da produ\u00e7\u00e3o<\/a>. Em agosto, o governo chin\u00eas habilitou 183 novas empresas brasileiras a exportar a bebida para o pa\u00eds asi\u00e1tico.<\/p>\n<p>Embora o consumo de caf\u00e9 ainda seja t\u00edmido em compara\u00e7\u00e3o ao de ch\u00e1, tradicional na cultura chinesa, o mercado cresce 10% ao ano, com proje\u00e7\u00f5es de manter esse ritmo at\u00e9 2030. A expans\u00e3o est\u00e1 ligada \u00e0 populariza\u00e7\u00e3o de redes de cafeterias locais e ao aumento do consumo entre jovens.<\/p>\n<p>Um exemplo da populariza\u00e7\u00e3o do caf\u00e9 entre os chineses \u00e9 a Yunnan International Coffee Expo, feira internacional de caf\u00e9 realizada na prov\u00edncia de Yunnan, no sudoeste da China. Este ano, o evento reuniu 35 mil compradores profissionais.<\/p>\n<p>Para Vitor Moura, diretor de marketing da C\u00e2mara Brasil-China, o p\u00e1is \u00e9 um mercado potencial para o caf\u00e9 brasileiro.<\/p>\n<p>\u201c\u00c9 um mercado ainda pouco explorado e com espa\u00e7o enorme para o caf\u00e9 brasileiro. Percebemos que a conscientiza\u00e7\u00e3o sobre a qualidade e variedade do nosso caf\u00e9 ainda est\u00e1 em constru\u00e7\u00e3o entre os consumidores locais, mas isso representa uma oportunidade\u201d, disse Moura.<\/p>\n<p>A prov\u00edncia de Yunnan responde por 98% da produ\u00e7\u00e3o de caf\u00e9 na China, sendo que metade desse volume vem da cidade de Puer, considerada o principal polo do setor no pa\u00eds.<\/p>\n<p>Entre os avan\u00e7os recentes, Moura lembrou a assinatura de um contrato entre produtores brasileiros e a Luckin Coffee, maior rede de cafeterias da China e uma das maiores do mundo. \u201cS\u00f3 o Brasil tem capacidade de suprir a demanda que est\u00e1 surgindo aqui na China\u201d, afirmou.<\/p>\n<\/p><\/div>\n<p><br \/>\n<br \/><a href=\"https:\/\/www.canalrural.com.br\/agricultura\/cafe\/consumo-de-cafe-cresce-na-china-e-pais-entra-na-mira-do-brasil\/\">Source link <\/a><\/p>\n","protected":false},"excerpt":{"rendered":"<p>Com quase dois meses ap\u00f3s a imposi\u00e7\u00e3o de tarifas de 50% pelos Estados Unidos sobre produtos brasileiros, o setor de<\/p>\n","protected":false},"author":1,"featured_media":21082,"comment_status":"open","ping_status":"open","sticky":false,"template":"","format":"standard","meta":{"_monsterinsights_skip_tracking":false,"_monsterinsights_sitenote_active":false,"_monsterinsights_sitenote_note":"","_monsterinsights_sitenote_category":0,"_uf_show_specific_survey":0,"_uf_disable_surveys":false,"footnotes":""},"categories":[1],"tags":[],"class_list":["post-21081","post","type-post","status-publish","format-standard","has-post-thumbnail","hentry","category-news"],"_links":{"self":[{"href":"https:\/\/agromt.news\/index.php?rest_route=\/wp\/v2\/posts\/21081"}],"collection":[{"href":"https:\/\/agromt.news\/index.php?rest_route=\/wp\/v2\/posts"}],"about":[{"href":"https:\/\/agromt.news\/index.php?rest_route=\/wp\/v2\/types\/post"}],"author":[{"embeddable":true,"href":"https:\/\/agromt.news\/index.php?rest_route=\/wp\/v2\/users\/1"}],"replies":[{"embeddable":true,"href":"https:\/\/agromt.news\/index.php?rest_route=%2Fwp%2Fv2%2Fcomments&post=21081"}],"version-history":[{"count":0,"href":"https:\/\/agromt.news\/index.php?rest_route=\/wp\/v2\/posts\/21081\/revisions"}],"wp:featuredmedia":[{"embeddable":true,"href":"https:\/\/agromt.news\/index.php?rest_route=\/wp\/v2\/media\/21082"}],"wp:attachment":[{"href":"https:\/\/agromt.news\/index.php?rest_route=%2Fwp%2Fv2%2Fmedia&parent=21081"}],"wp:term":[{"taxonomy":"category","embeddable":true,"href":"https:\/\/agromt.news\/index.php?rest_route=%2Fwp%2Fv2%2Fcategories&post=21081"},{"taxonomy":"post_tag","embeddable":true,"href":"https:\/\/agromt.news\/index.php?rest_route=%2Fwp%2Fv2%2Ftags&post=21081"}],"curies":[{"name":"wp","href":"https:\/\/api.w.org\/{rel}","templated":true}]}}