{"id":21078,"date":"2025-09-29T16:27:08","date_gmt":"2025-09-29T20:27:08","guid":{"rendered":"https:\/\/agromt.news\/?p=21078"},"modified":"2025-09-29T16:27:08","modified_gmt":"2025-09-29T20:27:08","slug":"nova-frente-fria-promete-chuva-forte-ventania-e-granizo-veja-a-previsao-da-semana","status":"publish","type":"post","link":"https:\/\/agromt.news\/?p=21078","title":{"rendered":"Nova frente fria promete chuva forte, ventania e granizo; veja a previs\u00e3o da semana"},"content":{"rendered":"<p> <br \/>\n<\/p>\n<div>\n<p>Uma nova frente fria se inicia a partir de domingo (5) na Regi\u00e3o Sul, trazendo chuva forte, rajadas de vento e queda de granizo. <\/p>\n<div data-icp-cta=\"1\" id=\"icp-cta-unique\">Voc\u00ea quer entender como usar o clima a seu favor?<b> <\/b><a href=\"https:\/\/climacampo.canalrural.com.br\/climacampo_-01\">Preparamos um e-book exclusivo<\/a> para ajudar produtores rurais a se antecipar \u00e0s mudan\u00e7as do tempo e planejar melhor suas a\u00e7\u00f5es. Com base em previs\u00f5es meteorol\u00f3gicas confi\u00e1veis, ele oferece orienta\u00e7\u00f5es pr\u00e1ticas para proteger sua lavoura e otimizar seus resultados.<\/div>\n<p>Nas demais \u00e1reas do pa\u00eds, o tempo seco predomina. Veja a previs\u00e3o do tempo entre esta segunda (29) e a pr\u00f3xima (6) do Instituto Nacional de Meteorologia <strong><a href=\"https:\/\/portal.inmet.gov.br\/\">(Inmet)<\/a><\/strong>:<\/p>\n<h2 class=\"wp-block-heading\" id=\"h-sul\">Sul<\/h2>\n<p>A semana inicia com a atua\u00e7\u00e3o de um cavado (prolongamento de um centro de baixa press\u00e3o) que favorece pancadas de chuva que podem ser localmente fortes, acompanhadas de raios e rajadas de vento, com possibilidade de queda de granizo sobre a regi\u00e3o. A partir de domingo (5) o deslocamento de uma frente fria tamb\u00e9m intensifica as precipita\u00e7\u00f5es nos tr\u00eas estados. Assim, s\u00e3o previstos acumulados acima de <strong>60 mm<\/strong> em grande parte do <strong><a href=\"https:\/\/www.canalrural.com.br\/nacional\/rio-grande-do-sul\/\">Rio Grande do Sul<\/a><\/strong>, leste de Santa Catarina e extremo sul do <strong><a href=\"https:\/\/www.canalrural.com.br\/nacional\/parana\/\">Paran\u00e1<\/a><\/strong> (tons em amarelo e vermelho no mapa abaixo) e volumes de at\u00e9<strong> 50 mm<\/strong> na por\u00e7\u00e3o centro-sul do Paran\u00e1 (tons em verde). No sudoeste ga\u00facho e norte paranaense, s\u00e3o previstos acumulados de at\u00e9 10 mm (azul e cinza). <\/p>\n<h2 class=\"wp-block-heading\" id=\"h-sudeste\">Sudeste<\/h2>\n<figure class=\"wp-block-image size-full\"><img fetchpriority=\"high\" decoding=\"async\" width=\"507\" height=\"602\" alt=\"mapa de chuva Inmet - 29 de set a 6 de out\" class=\"wp-image-4125901\"  data-lazy- src=\"https:\/\/agromt.news\/wp-content\/uploads\/2025\/09\/Nova-frente-fria-promete-chuva-forte-ventania-e-granizo-veja.jpg\"\/><img decoding=\"async\" width=\"507\" height=\"602\" src=\"https:\/\/agromt.news\/wp-content\/uploads\/2025\/09\/Nova-frente-fria-promete-chuva-forte-ventania-e-granizo-veja.jpg\" alt=\"mapa de chuva Inmet - 29 de set a 6 de out\" class=\"wp-image-4125901\"  \/><figcaption class=\"wp-element-caption\">Foto: Reprodu\u00e7\u00e3o<\/figcaption><\/figure>\n<p>Para o Sudeste, a previs\u00e3o indica aus\u00eancia de chuva para a maior parte dos estados durante a semana. Volumes de at\u00e9 10 mm s\u00e3o previstos em todo o Esp\u00edrito Santo e no leste de Minas Gerais (azul e cinza no mapa). O destaque vai para a a umidade relativa do ar abaixo de 30% prevista para os pr\u00f3ximos dias nas regi\u00f5es do Tri\u00e2ngulo Mineiro, al\u00e9m do norte e oeste do estado de S\u00e3o Paulo.<\/p>\n<h2 class=\"wp-block-heading\" id=\"h-centro-oeste\">Centro-Oeste<\/h2>\n<p>No Centro-Oeste, a previs\u00e3o \u00e9 de tempo est\u00e1vel, com aus\u00eancia de chuva em praticamente todos os estados (\u00e1reas em branco), exceto para o Mato Grosso do Sul, onde h\u00e1 previs\u00e3o de pancadas de chuva isoladas, mas sem acumulados expressivos. Destaca-se, tamb\u00e9m, a previs\u00e3o de umidade relativa abaixo de 30% em toda a regi\u00e3o para os pr\u00f3ximos dias, principalmente em Mato Grosso e no oeste do territ\u00f3rio sul-mato-grossese.<\/p>\n<h2 class=\"wp-block-heading\" id=\"h-nordeste\">Nordeste<\/h2>\n<p>Em grande parte do Nordeste n\u00e3o h\u00e1 previs\u00e3o de chuva, com tend\u00eancia de redu\u00e7\u00e3o da umidade relativa do ar, especialmente na por\u00e7\u00e3o sul do Maranh\u00e3o, Piau\u00ed e oeste da <strong><a href=\"https:\/\/www.canalrural.com.br\/nacional\/bahia\/\">Bahia<\/a><\/strong>, onde os valores ficam abaixo de 30%. J\u00e1 na parte litor\u00e2nea da regi\u00e3o os volumes de chuva permanecem abaixo de 10 mm (tons em azul).<\/p>\n<h2 class=\"wp-block-heading\" id=\"h-norte\">Norte<\/h2>\n<p>Para a Regi\u00e3o Norte, \u00e1reas de instabilidade dever\u00e3o se concentrar na por\u00e7\u00e3o oeste do Amazonas, com volumes que podem superar <strong>60 mm<\/strong> (amarelo e laranja). Acumulados de chuva entre 20 e 50 mm s\u00e3o previstos para \u00e1reas pontuais do Amazonas, Roraima e Acre (verde). Em contraste, em grande parte do Par\u00e1, Tocantins, Amap\u00e1 e Rond\u00f4nia n\u00e3o h\u00e1 previs\u00e3o de chuva ao longo da semana e a tend\u00eancia \u00e9 de redu\u00e7\u00e3o da umidade relativa do ar, que poder\u00e1 atingir n\u00edveis inferiores a 30%.<\/p>\n<\/p><\/div>\n<p><br \/>\n<br \/><a href=\"https:\/\/www.canalrural.com.br\/tempo\/nova-frente-fria-promete-chuva-forte-ventania-e-granizo-veja-a-previsao-da-semana\/\">Source link <\/a><\/p>\n","protected":false},"excerpt":{"rendered":"<p>Uma nova frente fria se inicia a partir de domingo (5) na Regi\u00e3o Sul, trazendo chuva forte, rajadas de vento<\/p>\n","protected":false},"author":1,"featured_media":10576,"comment_status":"open","ping_status":"open","sticky":false,"template":"","format":"standard","meta":{"_monsterinsights_skip_tracking":false,"_monsterinsights_sitenote_active":false,"_monsterinsights_sitenote_note":"","_monsterinsights_sitenote_category":0,"_uf_show_specific_survey":0,"_uf_disable_surveys":false,"footnotes":""},"categories":[1],"tags":[],"class_list":["post-21078","post","type-post","status-publish","format-standard","has-post-thumbnail","hentry","category-news"],"_links":{"self":[{"href":"https:\/\/agromt.news\/index.php?rest_route=\/wp\/v2\/posts\/21078"}],"collection":[{"href":"https:\/\/agromt.news\/index.php?rest_route=\/wp\/v2\/posts"}],"about":[{"href":"https:\/\/agromt.news\/index.php?rest_route=\/wp\/v2\/types\/post"}],"author":[{"embeddable":true,"href":"https:\/\/agromt.news\/index.php?rest_route=\/wp\/v2\/users\/1"}],"replies":[{"embeddable":true,"href":"https:\/\/agromt.news\/index.php?rest_route=%2Fwp%2Fv2%2Fcomments&post=21078"}],"version-history":[{"count":0,"href":"https:\/\/agromt.news\/index.php?rest_route=\/wp\/v2\/posts\/21078\/revisions"}],"wp:featuredmedia":[{"embeddable":true,"href":"https:\/\/agromt.news\/index.php?rest_route=\/wp\/v2\/media\/10576"}],"wp:attachment":[{"href":"https:\/\/agromt.news\/index.php?rest_route=%2Fwp%2Fv2%2Fmedia&parent=21078"}],"wp:term":[{"taxonomy":"category","embeddable":true,"href":"https:\/\/agromt.news\/index.php?rest_route=%2Fwp%2Fv2%2Fcategories&post=21078"},{"taxonomy":"post_tag","embeddable":true,"href":"https:\/\/agromt.news\/index.php?rest_route=%2Fwp%2Fv2%2Ftags&post=21078"}],"curies":[{"name":"wp","href":"https:\/\/api.w.org\/{rel}","templated":true}]}}