{"id":21074,"date":"2025-09-29T15:59:25","date_gmt":"2025-09-29T19:59:25","guid":{"rendered":"https:\/\/agromt.news\/?p=21074"},"modified":"2025-09-29T15:59:25","modified_gmt":"2025-09-29T19:59:25","slug":"brasil-cria-147-mil-empregos-em-agosto-menos-que-em-2024","status":"publish","type":"post","link":"https:\/\/agromt.news\/?p=21074","title":{"rendered":"Brasil cria 147 mil empregos em agosto, menos que em 2024"},"content":{"rendered":"<p> <br \/>\n<br \/><img decoding=\"async\" src=\"https:\/\/agromt.news\/wp-content\/uploads\/2025\/05\/Taxa-de-desemprego-tem-queda-no-trimestre-ate-abril-mostra.jpg\" \/><\/p>\n<div>\n<p>O mercado de trabalho brasileiro registrou saldo positivo de 147 mil empregos com carteira assinada em agosto. Os dados s\u00e3o do Cadastro Geral de Empregados e Desempregados (<a href=\"https:\/\/www.canalrural.com.br\/tag\/caged\/\">Caged<\/a>), divulgados nesta segunda-feira (29) pelo <a href=\"https:\/\/www.canalrural.com.br\/tag\/ministerio-do-trabalho-e-emprego\/\">Minist\u00e9rio do Trabalho e Emprego<\/a>.<\/p>\n<p>O resultado representa avan\u00e7o em rela\u00e7\u00e3o a julho, quando foram abertas 134 mil vagas. No entanto, ficou abaixo do mesmo per\u00edodo de 2024, quando o saldo chegou a 239 mil postos. A diferen\u00e7a reflete os efeitos da desacelera\u00e7\u00e3o econ\u00f4mica e da taxa de juros ainda elevada, fatores que reduzem o ritmo das contrata\u00e7\u00f5es.<\/p>\n<h3 class=\"wp-block-heading\" id=\"h-desempenho-dos-setores\">Desempenho dos setores<\/h3>\n<p>Quatro dos cinco principais segmentos da economia fecharam agosto em alta. O setor de servi\u00e7os liderou a gera\u00e7\u00e3o de empregos, com 81 mil vagas criadas. Na sequ\u00eancia, vieram com\u00e9rcio (32,6 mil), ind\u00fastria (19 mil) e constru\u00e7\u00e3o civil (17,3 mil).<\/p>\n<p>A <a href=\"https:\/\/www.canalrural.com.br\/tag\/agropecuaria\/\">agropecu\u00e1ria<\/a> foi a \u00fanica a registrar saldo negativo, com fechamento de 2,6 mil postos de trabalho. Especialistas apontam que o resultado pode estar ligado \u00e0 sazonalidade da colheita e ao custo de produ\u00e7\u00e3o mais alto em algumas regi\u00f5es.<\/p>\n<h3 class=\"wp-block-heading\" id=\"h-resultados-por-estados\">Resultados por estados<\/h3>\n<p>O saldo foi positivo em 25 das 27 unidades da federa\u00e7\u00e3o. S\u00e3o Paulo liderou em n\u00fameros absolutos, com 45,4 mil vagas, seguido por Rio de Janeiro (16,1 mil) e Pernambuco (12,6 mil). Em termos proporcionais, Para\u00edba, Rio Grande do Norte e Pernambuco foram os estados que mais cresceram.<\/p>\n<p>No recorte por tipo de contrata\u00e7\u00e3o, 75% dos empregos foram classificados como t\u00edpicos. Entre os n\u00e3o t\u00edpicos, ganharam destaque as vagas de jornadas reduzidas, principalmente na \u00e1rea de educa\u00e7\u00e3o, e os contratos de aprendizagem.<\/p>\n<h3 class=\"wp-block-heading\" id=\"h-panorama-anual-de-empregos\">Panorama anual de empregos<\/h3>\n<p>Nos \u00faltimos 12 meses, entre agosto de 2024 e agosto de 2025, o saldo acumulado foi de 1,43 milh\u00e3o de empregos formais. O n\u00famero \u00e9 inferior ao registrado no per\u00edodo anterior, quando o total superou 1,8 milh\u00e3o.<\/p>\n<p>O sal\u00e1rio m\u00e9dio de admiss\u00e3o em agosto ficou em R$ 2.295, valor 0,56% acima do registrado em julho.<\/p>\n<\/p><\/div>\n<p><br \/>\n<br \/><a href=\"https:\/\/www.canalrural.com.br\/economia\/brasil-cria-147-mil-empregos-em-agosto-menos-que-em-2024\/\">Source link <\/a><\/p>\n","protected":false},"excerpt":{"rendered":"<p>O mercado de trabalho brasileiro registrou saldo positivo de 147 mil empregos com carteira assinada em agosto. Os dados s\u00e3o<\/p>\n","protected":false},"author":1,"featured_media":14361,"comment_status":"open","ping_status":"open","sticky":false,"template":"","format":"standard","meta":{"_monsterinsights_skip_tracking":false,"_monsterinsights_sitenote_active":false,"_monsterinsights_sitenote_note":"","_monsterinsights_sitenote_category":0,"_uf_show_specific_survey":0,"_uf_disable_surveys":false,"footnotes":""},"categories":[1],"tags":[],"class_list":["post-21074","post","type-post","status-publish","format-standard","has-post-thumbnail","hentry","category-news"],"_links":{"self":[{"href":"https:\/\/agromt.news\/index.php?rest_route=\/wp\/v2\/posts\/21074"}],"collection":[{"href":"https:\/\/agromt.news\/index.php?rest_route=\/wp\/v2\/posts"}],"about":[{"href":"https:\/\/agromt.news\/index.php?rest_route=\/wp\/v2\/types\/post"}],"author":[{"embeddable":true,"href":"https:\/\/agromt.news\/index.php?rest_route=\/wp\/v2\/users\/1"}],"replies":[{"embeddable":true,"href":"https:\/\/agromt.news\/index.php?rest_route=%2Fwp%2Fv2%2Fcomments&post=21074"}],"version-history":[{"count":0,"href":"https:\/\/agromt.news\/index.php?rest_route=\/wp\/v2\/posts\/21074\/revisions"}],"wp:featuredmedia":[{"embeddable":true,"href":"https:\/\/agromt.news\/index.php?rest_route=\/wp\/v2\/media\/14361"}],"wp:attachment":[{"href":"https:\/\/agromt.news\/index.php?rest_route=%2Fwp%2Fv2%2Fmedia&parent=21074"}],"wp:term":[{"taxonomy":"category","embeddable":true,"href":"https:\/\/agromt.news\/index.php?rest_route=%2Fwp%2Fv2%2Fcategories&post=21074"},{"taxonomy":"post_tag","embeddable":true,"href":"https:\/\/agromt.news\/index.php?rest_route=%2Fwp%2Fv2%2Ftags&post=21074"}],"curies":[{"name":"wp","href":"https:\/\/api.w.org\/{rel}","templated":true}]}}