{"id":21072,"date":"2025-09-29T15:31:04","date_gmt":"2025-09-29T19:31:04","guid":{"rendered":"https:\/\/agromt.news\/?p=21072"},"modified":"2025-09-29T15:31:04","modified_gmt":"2025-09-29T19:31:04","slug":"haddad-diz-que-tarifaco-foi-tiro-no-pe-e-que-deve-se-reunir-com-secretario-do-tesouro-americano","status":"publish","type":"post","link":"https:\/\/agromt.news\/?p=21072","title":{"rendered":"Haddad diz que tarifa\u00e7o foi tiro no p\u00e9 e que deve se reunir com secret\u00e1rio do Tesouro americano"},"content":{"rendered":"<p> <br \/>\n<br \/><img decoding=\"async\" src=\"https:\/\/agromt.news\/wp-content\/uploads\/2024\/11\/Cancelamento-de-viagem-de-Haddad-e-positiva-para-economia-dizem.jpg\" \/><\/p>\n<div>\n<p>O ministro da Fazenda, Fernando Haddad, afirmou nesta segunda-feira (29) que a decis\u00e3o dos Estados Unidos de impor tarifa de 50% sobre produtos brasileiros foi um \u201ctiro no p\u00e9\u201d da economia americana. Segundo ele, a medida criou um \u201cclima artificial de animosidade\u201d entre os dois pa\u00edses, mas h\u00e1 expectativa de que se inicie um di\u00e1logo racional para reverter a situa\u00e7\u00e3o.<\/p>\n<p>\u201cAcho que foi um tiro no p\u00e9 deles, inclusive para a economia americana. N\u00e3o faz o menor sentido pagar mais caro o caf\u00e9, a carne. Eu quero crer que vai se iniciar, em algum momento, um debate racional, primeiro separando o que \u00e9 econ\u00f4mico do que \u00e9 pol\u00edtico\u201d, disse Haddad durante a Confer\u00eancia Ita\u00fa BBA Macro Vision 2025, em S\u00e3o Paulo.<\/p>\n<p>O ministro refor\u00e7ou que o Brasil n\u00e3o respondeu com contramedidas, mesmo ap\u00f3s o Congresso aprovar a Lei da Reciprocidade Econ\u00f4mica. \u201cTentar usar tarifa como arma pol\u00edtica, na minha opini\u00e3o, \u00e9 um equ\u00edvoco que deveria ser corrigido o quanto antes, e estamos trabalhando nessa dire\u00e7\u00e3o\u201d, declarou.<\/p>\n<h3 class=\"wp-block-heading\" id=\"h-possivel-reuniao-com-secretario-americano\">Poss\u00edvel reuni\u00e3o com secret\u00e1rio americano<\/h3>\n<p>Haddad afirmou que pretende se reunir com o secret\u00e1rio do Tesouro dos Estados Unidos, Scott Bessent, antes da reuni\u00e3o dos ministros de finan\u00e7as do G20, marcada para 15 e 16 de outubro, em Washington. \u201cEu tenho uma ida para os Estados Unidos para o G20. Na pior das hip\u00f3teses, acredito que a gente vai se falar l\u00e1. Mas quem sabe antes disso os dois gabinetes marquem uma reuni\u00e3o. \u00c9 poss\u00edvel tamb\u00e9m\u201d, disse.<\/p>\n<p>A sinaliza\u00e7\u00e3o de encontro ocorre ap\u00f3s um epis\u00f3dio recente de frustra\u00e7\u00e3o: <a href=\"https:\/\/www.canalrural.com.br\/nacional\/secretario-do-tesouro-dos-eua-cancela-reuniao-com-haddad\/\">o pr\u00f3prio secret\u00e1rio chegou a marcar uma reuni\u00e3o com Haddad, mas cancelou em cima da hora<\/a>, o que ampliou o mal-estar diplom\u00e1tico.<\/p>\n<p>No \u00faltimo dia 23, durante a Assembleia-Geral da ONU, em Nova York, o presidente<a href=\"https:\/\/www.canalrural.com.br\/internacional\/trump-disse-que-combinou-de-conversar-com-lula-na-proxima-semana\/\"> Luiz In\u00e1cio Lula da Silva se encontrou brevemente com o presidente norte-americano, Donald Trump<\/a>, e os dois acertaram a inten\u00e7\u00e3o de discutir economia em uma reuni\u00e3o futura.<\/p>\n<h3 class=\"wp-block-heading\" id=\"h-reformas-e-agenda-domestica\">Reformas e agenda dom\u00e9stica<\/h3>\n<p>Durante sua fala, Haddad tamb\u00e9m destacou o impacto das reformas em andamento, que, segundo ele, podem elevar o PIB potencial brasileiro de 2,5% para patamares pr\u00f3ximos \u00e0 m\u00e9dia mundial. O ministro ainda ressaltou que a agenda econ\u00f4mica busca conciliar ajuste fiscal e justi\u00e7a social, al\u00e9m de projetar a lideran\u00e7a do Brasil nos debates ambientais com a realiza\u00e7\u00e3o da COP30 em Bel\u00e9m (PA).<\/p>\n<\/p><\/div>\n<p><br \/>\n<br \/><a href=\"https:\/\/www.canalrural.com.br\/economia\/haddad-diz-que-tarifaco-foi-tiro-no-pe-e-que-deve-se-reunir-com-secretario-do-tesouro-americano\/\">Source link <\/a><\/p>\n","protected":false},"excerpt":{"rendered":"<p>O ministro da Fazenda, Fernando Haddad, afirmou nesta segunda-feira (29) que a decis\u00e3o dos Estados Unidos de impor tarifa de<\/p>\n","protected":false},"author":1,"featured_media":4406,"comment_status":"open","ping_status":"open","sticky":false,"template":"","format":"standard","meta":{"_monsterinsights_skip_tracking":false,"_monsterinsights_sitenote_active":false,"_monsterinsights_sitenote_note":"","_monsterinsights_sitenote_category":0,"_uf_show_specific_survey":0,"_uf_disable_surveys":false,"footnotes":""},"categories":[1],"tags":[],"class_list":["post-21072","post","type-post","status-publish","format-standard","has-post-thumbnail","hentry","category-news"],"_links":{"self":[{"href":"https:\/\/agromt.news\/index.php?rest_route=\/wp\/v2\/posts\/21072"}],"collection":[{"href":"https:\/\/agromt.news\/index.php?rest_route=\/wp\/v2\/posts"}],"about":[{"href":"https:\/\/agromt.news\/index.php?rest_route=\/wp\/v2\/types\/post"}],"author":[{"embeddable":true,"href":"https:\/\/agromt.news\/index.php?rest_route=\/wp\/v2\/users\/1"}],"replies":[{"embeddable":true,"href":"https:\/\/agromt.news\/index.php?rest_route=%2Fwp%2Fv2%2Fcomments&post=21072"}],"version-history":[{"count":0,"href":"https:\/\/agromt.news\/index.php?rest_route=\/wp\/v2\/posts\/21072\/revisions"}],"wp:featuredmedia":[{"embeddable":true,"href":"https:\/\/agromt.news\/index.php?rest_route=\/wp\/v2\/media\/4406"}],"wp:attachment":[{"href":"https:\/\/agromt.news\/index.php?rest_route=%2Fwp%2Fv2%2Fmedia&parent=21072"}],"wp:term":[{"taxonomy":"category","embeddable":true,"href":"https:\/\/agromt.news\/index.php?rest_route=%2Fwp%2Fv2%2Fcategories&post=21072"},{"taxonomy":"post_tag","embeddable":true,"href":"https:\/\/agromt.news\/index.php?rest_route=%2Fwp%2Fv2%2Ftags&post=21072"}],"curies":[{"name":"wp","href":"https:\/\/api.w.org\/{rel}","templated":true}]}}