{"id":21070,"date":"2025-09-29T15:16:06","date_gmt":"2025-09-29T19:16:06","guid":{"rendered":"https:\/\/agromt.news\/?p=21070"},"modified":"2025-09-29T15:16:06","modified_gmt":"2025-09-29T19:16:06","slug":"desafios-e-futuro-da-comunicacao-digital-no-3o-dialogos-agrojor","status":"publish","type":"post","link":"https:\/\/agromt.news\/?p=21070","title":{"rendered":"Desafios e futuro da comunica\u00e7\u00e3o digital no 3\u00ba Di\u00e1logos Agrojor"},"content":{"rendered":"<p> <br \/>\n<br \/><img decoding=\"async\" src=\"https:\/\/agromt.news\/wp-content\/uploads\/2025\/09\/Desafios-e-futuro-da-comunicacao-digital-no-3o-Dialogos-Agrojor.jpg\" \/><\/p>\n<div>\n<p>A boa comunica\u00e7\u00e3o tamb\u00e9m \u00e9 importante para o sucesso do agroneg\u00f3cio e para isso \u00e9 preciso engajamento em tempos de satura\u00e7\u00e3o digital, discuss\u00e3o sobre futuro do conte\u00fado e import\u00e2ncia da reputa\u00e7\u00e3o nas redes. Estes tema ser\u00e3o debatidos no 3\u00b0 Di\u00e1logos Agrojor, principal evento da Rede Brasil de Jornalistas Agro (Agrojor), que ocorre no pr\u00f3ximo s\u00e1bado, dia 4 de outubro, a partir das 9h, no Audit\u00f3rio do Pensa\/FIA em S\u00e3o Paulo (SP). <\/p>\n<p>O evento tamb\u00e9m ser\u00e1 transmitido on-line e visa integrar profissionais da comunica\u00e7\u00e3o que atuam no agroneg\u00f3cio e em outros setores para debate e atualiza\u00e7\u00e3o de temas relevantes \u00e0 comunica\u00e7\u00e3o e ao futuro da profiss\u00e3o.<\/p>\n<p>A programa\u00e7\u00e3o ter\u00e1 tr\u00eas pain\u00e9is com nomes de relev\u00e2ncia para a comunica\u00e7\u00e3o digital. Participar\u00e3o do primeiro painel a cofundadora e CEO da Futuros Poss\u00edveis e TEDx Speaker &amp; Organizer, Angelica Mari, e a rep\u00f3rter especial do jornal O Estado de S. Paulo, Cristiane Barbieri, com o tema <strong>\u201cStorytelling de impacto: como engajar em tempos de satura\u00e7\u00e3o digital: onde est\u00e1 a nova gera\u00e7\u00e3o para a sua audi\u00eancia?\u201d<\/strong>. A media\u00e7\u00e3o ser\u00e1 feita pela presidente da Rede Agrojor e editora da Forbes Agro, Vera Ondei.<\/p>\n<p>O segundo painel debater\u00e1 o t\u00f3pico <strong>\u201cNarrativas imersivas: realidade aumentada, podcasts e o futuro do conte\u00fado\u201d<\/strong>, com a participa\u00e7\u00e3o do consultor, mestre e doutorando em Tecnologias da Intelig\u00eancia e Design Digital, Paulo Silvestre, e do diretor do Canal UOL, Antoine Morel, com media\u00e7\u00e3o da editora-chefe e apresentadora do Hora H do Agro na Jovem Pan News e idealizadora do podcast Arroz, Feij\u00e3o &amp; Clima, Mariana Grilli.<\/p>\n<p>O \u00faltimo painel trar\u00e1 o diretor de Branding &amp; Communications da BYD Brasil, Pablo Toledo, e o presidente da Associa\u00e7\u00e3o Brasileira de Ag\u00eancias de Comunica\u00e7\u00e3o (Abracom), F\u00e1bio Santos, que falar\u00e3o sobre <strong>\u201cReputa\u00e7\u00e3o e imagem em tempos de redes sociais\u201d.<\/strong> A media\u00e7\u00e3o ficar\u00e1 a cargo da diretora da Rede Agrojor e da Attuale Comunica\u00e7\u00e3o, Mariele Previdi.<\/p>\n<p>\u201cNos Di\u00e1logos, como o pr\u00f3prio nome diz, tratamos de temas de interesse de profissionais da comunica\u00e7\u00e3o que atuam principalmente no agroneg\u00f3cio. A cada dia a comunica\u00e7\u00e3o digital apresenta novidades, por isso entender essas mudan\u00e7as e coloc\u00e1-las em pr\u00e1tica, seja no agrojornalismo ou em outra editoria, \u00e9 um desafio di\u00e1rio que os painelistas, com sua expertise, v\u00e3o nos guiar para super\u00e1-los\u201d, pontua a presidente da Agrojor, Vera Ondei, que far\u00e1 a abertura da programa\u00e7\u00e3o.<\/p>\n<p>O 3\u00b0 Di\u00e1logos Agrojor conta com o patroc\u00ednio ouro da Syngenta, prata da Corteva e bronze da Bayer, Cargill, Elanco e Yara, al\u00e9m do apoio de Pensa\/FIA e Almagrino e apoio de m\u00eddia de importantes ve\u00edculos do agro, como o Canal Rural.<\/p>\n<p>As inscri\u00e7\u00f5es podem ser feitas no local do evento. Associado Agrojor tem condi\u00e7\u00e3o exclusiva, com bonifica\u00e7\u00e3o do custo de inscri\u00e7\u00e3o.<\/p>\n<h2 class=\"wp-block-heading\" id=\"h-3-dialogos-agrojor\">3\u00b0 Di\u00e1logos Agrojor<\/h2>\n<p><strong>Dia 4 de outubro (s\u00e1bado)<\/strong>, das 9h \u00e0s 13h<\/p>\n<p><strong>Local:<\/strong> Audit\u00f3rio do Pensa\/FIA  \u2013 Avenida Doutora Ruth Cardoso, 7.221 \u2013 Pinheiros \u2013 S\u00e3o Paulo (SP)<\/p>\n<\/p><\/div>\n<p><br \/>\n<br \/><a href=\"https:\/\/www.canalrural.com.br\/feiras-e-eventos\/desafios-e-futuro-da-comunicacao-digital-no-3o-dialogos-agrojor\/\">Source link <\/a><\/p>\n","protected":false},"excerpt":{"rendered":"<p>A boa comunica\u00e7\u00e3o tamb\u00e9m \u00e9 importante para o sucesso do agroneg\u00f3cio e para isso \u00e9 preciso engajamento em tempos de<\/p>\n","protected":false},"author":1,"featured_media":21071,"comment_status":"open","ping_status":"open","sticky":false,"template":"","format":"standard","meta":{"_monsterinsights_skip_tracking":false,"_monsterinsights_sitenote_active":false,"_monsterinsights_sitenote_note":"","_monsterinsights_sitenote_category":0,"_uf_show_specific_survey":0,"_uf_disable_surveys":false,"footnotes":""},"categories":[1],"tags":[],"class_list":["post-21070","post","type-post","status-publish","format-standard","has-post-thumbnail","hentry","category-news"],"_links":{"self":[{"href":"https:\/\/agromt.news\/index.php?rest_route=\/wp\/v2\/posts\/21070"}],"collection":[{"href":"https:\/\/agromt.news\/index.php?rest_route=\/wp\/v2\/posts"}],"about":[{"href":"https:\/\/agromt.news\/index.php?rest_route=\/wp\/v2\/types\/post"}],"author":[{"embeddable":true,"href":"https:\/\/agromt.news\/index.php?rest_route=\/wp\/v2\/users\/1"}],"replies":[{"embeddable":true,"href":"https:\/\/agromt.news\/index.php?rest_route=%2Fwp%2Fv2%2Fcomments&post=21070"}],"version-history":[{"count":0,"href":"https:\/\/agromt.news\/index.php?rest_route=\/wp\/v2\/posts\/21070\/revisions"}],"wp:featuredmedia":[{"embeddable":true,"href":"https:\/\/agromt.news\/index.php?rest_route=\/wp\/v2\/media\/21071"}],"wp:attachment":[{"href":"https:\/\/agromt.news\/index.php?rest_route=%2Fwp%2Fv2%2Fmedia&parent=21070"}],"wp:term":[{"taxonomy":"category","embeddable":true,"href":"https:\/\/agromt.news\/index.php?rest_route=%2Fwp%2Fv2%2Fcategories&post=21070"},{"taxonomy":"post_tag","embeddable":true,"href":"https:\/\/agromt.news\/index.php?rest_route=%2Fwp%2Fv2%2Ftags&post=21070"}],"curies":[{"name":"wp","href":"https:\/\/api.w.org\/{rel}","templated":true}]}}