{"id":21068,"date":"2025-09-29T15:00:53","date_gmt":"2025-09-29T19:00:53","guid":{"rendered":"https:\/\/agromt.news\/?p=21068"},"modified":"2025-09-29T15:00:53","modified_gmt":"2025-09-29T19:00:53","slug":"cocal-inicia-operacao-de-nova-planta-de-biogas-no-interior-de-sp","status":"publish","type":"post","link":"https:\/\/agromt.news\/?p=21068","title":{"rendered":"Cocal inicia opera\u00e7\u00e3o de nova planta de biog\u00e1s no interior de SP"},"content":{"rendered":"<p> <br \/>\n<br \/><img decoding=\"async\" src=\"https:\/\/agromt.news\/wp-content\/uploads\/2025\/09\/Cocal-inicia-operacao-de-nova-planta-de-biogas-no-interior.jpeg\" \/><\/p>\n<div>\n<p>A Cocal, empresa do <a href=\"https:\/\/www.canalrural.com.br\/tag\/setor-sucroenergetico\/\">setor sucroenerg\u00e9tico<\/a>, iniciou a opera\u00e7\u00e3o de sua segunda planta 100% de biog\u00e1s, localizada em Paragua\u00e7u Paulista, no oeste paulista. A unidade tem capacidade de produ\u00e7\u00e3o de at\u00e9 60 mil metros c\u00fabicos de biocombust\u00edvel por dia.<\/p>\n<p>De acordo com nota do governo do Estado de S\u00e3o Paulo, a inaugura\u00e7\u00e3o ocorreu no \u00faltimo fim de semana.<\/p>\n<h3 class=\"wp-block-heading\" id=\"h-operacao-da-usina-de-biogas\">Opera\u00e7\u00e3o da usina de biog\u00e1s<\/h3>\n<p>A unidade utiliza vinha\u00e7a e torta de filtro, subprodutos da <a href=\"https:\/\/www.canalrural.com.br\/tag\/cana-de-acucar\/\">cana-de-a\u00e7\u00facar<\/a>, al\u00e9m de esterco animal de uma granja da regi\u00e3o, como mat\u00e9ria-prima para a produ\u00e7\u00e3o de biog\u00e1s. Al\u00e9m disso, o combust\u00edvel \u00e9 purificado e transformado em biometano, que ser\u00e1 distribu\u00eddo via GNC (g\u00e1s comprimido em cilindros transportados por caminh\u00f5es).<\/p>\n<p>\u201cCom nossas duas plantas em atividade, nossa regi\u00e3o se torna uma das principais produtoras de biometano do mundo\u201d, disse Carlos Ubiratan Garms. Segundo o membro do conselho de acionistas da Cocal, a outra planta est\u00e1 localizada em Narandiba.<\/p>\n<p>A inaugura\u00e7\u00e3o teve a presen\u00e7a do governador Tarc\u00edsio de Freitas, al\u00e9m de autoridades como o secret\u00e1rio executivo de Agricultura e Abastecimento, Alberto Amorim, o secret\u00e1rio de Governo e Rela\u00e7\u00f5es Institucionais, Gilberto Kassab, e parlamentares estaduais e federais.<\/p>\n<p>Durante o evento, Amorim destacou que as a\u00e7\u00f5es do governo consolidam S\u00e3o Paulo como refer\u00eancia na transi\u00e7\u00e3o energ\u00e9tica. \u201cS\u00e3o Paulo ocupa 3% da superf\u00edcie do Brasil, mas \u00e9 muito mais do que isso. Temos um modelo de efici\u00eancia, de efic\u00e1cia, de gest\u00e3o de mudan\u00e7a, de inova\u00e7\u00e3o\u201d, afirmou.<\/p>\n<\/p><\/div>\n<p><br \/>\n<br \/><a href=\"https:\/\/www.canalrural.com.br\/agricultura\/agronegocio\/usina-inicia-operacao-da-segunda-planta-de-biogas-no-interior-de-sp\/\">Source link <\/a><\/p>\n","protected":false},"excerpt":{"rendered":"<p>A Cocal, empresa do setor sucroenerg\u00e9tico, iniciou a opera\u00e7\u00e3o de sua segunda planta 100% de biog\u00e1s, localizada em Paragua\u00e7u Paulista,<\/p>\n","protected":false},"author":1,"featured_media":21069,"comment_status":"open","ping_status":"open","sticky":false,"template":"","format":"standard","meta":{"_monsterinsights_skip_tracking":false,"_monsterinsights_sitenote_active":false,"_monsterinsights_sitenote_note":"","_monsterinsights_sitenote_category":0,"_uf_show_specific_survey":0,"_uf_disable_surveys":false,"footnotes":""},"categories":[1],"tags":[],"class_list":["post-21068","post","type-post","status-publish","format-standard","has-post-thumbnail","hentry","category-news"],"_links":{"self":[{"href":"https:\/\/agromt.news\/index.php?rest_route=\/wp\/v2\/posts\/21068"}],"collection":[{"href":"https:\/\/agromt.news\/index.php?rest_route=\/wp\/v2\/posts"}],"about":[{"href":"https:\/\/agromt.news\/index.php?rest_route=\/wp\/v2\/types\/post"}],"author":[{"embeddable":true,"href":"https:\/\/agromt.news\/index.php?rest_route=\/wp\/v2\/users\/1"}],"replies":[{"embeddable":true,"href":"https:\/\/agromt.news\/index.php?rest_route=%2Fwp%2Fv2%2Fcomments&post=21068"}],"version-history":[{"count":0,"href":"https:\/\/agromt.news\/index.php?rest_route=\/wp\/v2\/posts\/21068\/revisions"}],"wp:featuredmedia":[{"embeddable":true,"href":"https:\/\/agromt.news\/index.php?rest_route=\/wp\/v2\/media\/21069"}],"wp:attachment":[{"href":"https:\/\/agromt.news\/index.php?rest_route=%2Fwp%2Fv2%2Fmedia&parent=21068"}],"wp:term":[{"taxonomy":"category","embeddable":true,"href":"https:\/\/agromt.news\/index.php?rest_route=%2Fwp%2Fv2%2Fcategories&post=21068"},{"taxonomy":"post_tag","embeddable":true,"href":"https:\/\/agromt.news\/index.php?rest_route=%2Fwp%2Fv2%2Ftags&post=21068"}],"curies":[{"name":"wp","href":"https:\/\/api.w.org\/{rel}","templated":true}]}}