{"id":21065,"date":"2025-09-29T14:03:21","date_gmt":"2025-09-29T18:03:21","guid":{"rendered":"https:\/\/agromt.news\/?p=21065"},"modified":"2025-09-29T14:03:21","modified_gmt":"2025-09-29T18:03:21","slug":"agricultura-cria-sistema-para-aperfeicoamento-de-prevencao-e-controles-de-pragas","status":"publish","type":"post","link":"https:\/\/agromt.news\/?p=21065","title":{"rendered":"Agricultura cria sistema para aperfei\u00e7oamento de preven\u00e7\u00e3o e controles de pragas"},"content":{"rendered":"<p> <br \/>\n<br \/><img decoding=\"async\" src=\"https:\/\/agromt.news\/wp-content\/uploads\/2025\/04\/article-1.jpg\" \/><\/p>\n<div>\n<p> O <a href=\"https:\/\/www.canalrural.com.br\/tag\/ministerio-da-agricultura\/\">Minist\u00e9rio da Agricultura<\/a> instituiu o Sistema de Avalia\u00e7\u00e3o da Qualidade e Aperfei\u00e7oamento dos Programas Oficiais de Preven\u00e7\u00e3o e Controle de Pragas, o AudiFito, com objetivo de monitorar e melhorar as a\u00e7\u00f5es oficiais de sanidade vegetal no territ\u00f3rio nacional. O programa foi criado por meio de portaria da Secretaria de Defesa Agropecu\u00e1ria (SDA), publicada nesta segunda-feira, 29, no <i>Di\u00e1rio Oficial da Uni\u00e3o (DOU)<\/i>.<\/p>\n<p>O AudiFito ser\u00e1 aplicado nas institui\u00e7\u00f5es p\u00fablicas ou privadas que executam ou prestam servi\u00e7os relacionados aos programas oficiais de preven\u00e7\u00e3o e controle de pragas em n\u00edvel federal ou estadual por meio de auditorias e supervis\u00f5es regulares remotas ou presenciais. <\/p>\n<p>Ser\u00e1 coordenado pelo Departamento de Sanidade Vegetal e Insumos Agr\u00edcolas, no \u00e2mbito da Secretaria de Defesa Agropecu\u00e1ria do Minist\u00e9rio da Agricultura, prev\u00ea a portaria.<\/p>\n<p>O programa avaliar\u00e1 o cumprimento de uma s\u00e9rie de indicadores de qualidade nas a\u00e7\u00f5es de defesa vegetal executadas pelos \u00f3rg\u00e3os de defesa agropecu\u00e1ria e indicar\u00e1 corre\u00e7\u00f5es. O programa entra em vigor nesta segunda-feira.<\/p>\n<\/p><\/div>\n<p><br \/>\n<br \/><a href=\"https:\/\/www.canalrural.com.br\/agricultura\/agricultura-cria-sistema-para-aperfeicoamento-de-prevencao-e-controles-de-pragas\/\">Source link <\/a><\/p>\n","protected":false},"excerpt":{"rendered":"<p>O Minist\u00e9rio da Agricultura instituiu o Sistema de Avalia\u00e7\u00e3o da Qualidade e Aperfei\u00e7oamento dos Programas Oficiais de Preven\u00e7\u00e3o e Controle<\/p>\n","protected":false},"author":1,"featured_media":11789,"comment_status":"open","ping_status":"open","sticky":false,"template":"","format":"standard","meta":{"_monsterinsights_skip_tracking":false,"_monsterinsights_sitenote_active":false,"_monsterinsights_sitenote_note":"","_monsterinsights_sitenote_category":0,"_uf_show_specific_survey":0,"_uf_disable_surveys":false,"footnotes":""},"categories":[1],"tags":[],"class_list":["post-21065","post","type-post","status-publish","format-standard","has-post-thumbnail","hentry","category-news"],"_links":{"self":[{"href":"https:\/\/agromt.news\/index.php?rest_route=\/wp\/v2\/posts\/21065"}],"collection":[{"href":"https:\/\/agromt.news\/index.php?rest_route=\/wp\/v2\/posts"}],"about":[{"href":"https:\/\/agromt.news\/index.php?rest_route=\/wp\/v2\/types\/post"}],"author":[{"embeddable":true,"href":"https:\/\/agromt.news\/index.php?rest_route=\/wp\/v2\/users\/1"}],"replies":[{"embeddable":true,"href":"https:\/\/agromt.news\/index.php?rest_route=%2Fwp%2Fv2%2Fcomments&post=21065"}],"version-history":[{"count":0,"href":"https:\/\/agromt.news\/index.php?rest_route=\/wp\/v2\/posts\/21065\/revisions"}],"wp:featuredmedia":[{"embeddable":true,"href":"https:\/\/agromt.news\/index.php?rest_route=\/wp\/v2\/media\/11789"}],"wp:attachment":[{"href":"https:\/\/agromt.news\/index.php?rest_route=%2Fwp%2Fv2%2Fmedia&parent=21065"}],"wp:term":[{"taxonomy":"category","embeddable":true,"href":"https:\/\/agromt.news\/index.php?rest_route=%2Fwp%2Fv2%2Fcategories&post=21065"},{"taxonomy":"post_tag","embeddable":true,"href":"https:\/\/agromt.news\/index.php?rest_route=%2Fwp%2Fv2%2Ftags&post=21065"}],"curies":[{"name":"wp","href":"https:\/\/api.w.org\/{rel}","templated":true}]}}