{"id":21063,"date":"2025-09-29T13:06:46","date_gmt":"2025-09-29T17:06:46","guid":{"rendered":"https:\/\/agromt.news\/?p=21063"},"modified":"2025-09-29T13:06:46","modified_gmt":"2025-09-29T17:06:46","slug":"goias-inicia-plantio-de-soja-da-safra-2025-2026","status":"publish","type":"post","link":"https:\/\/agromt.news\/?p=21063","title":{"rendered":"Goi\u00e1s inicia plantio de soja da safra 2025\/2026"},"content":{"rendered":"<p> <br \/>\n<br \/><img decoding=\"async\" src=\"https:\/\/agromt.news\/wp-content\/uploads\/2025\/09\/Goias-inicia-plantio-de-soja-da-safra-20252026.jpg\" \/><\/p>\n<div>\n<p>O estado de Goi\u00e1s deu in\u00edcio oficialmente ao plantio da soja da safra 2025\/2026 na \u00faltima quinta-feira (25), conforme calend\u00e1rio do <a href=\"https:\/\/www.gov.br\/agricultura\/pt-br\">Mapa<\/a>. Segundo informa\u00e7\u00f5es divulgadas pelo <a href=\"https:\/\/goias.gov.br\/abc\/\">governo<\/a> do estado, o evento em Nova Crix\u00e1s, munic\u00edpio do Vale do Araguaia, reuniu o vice-governador Daniel Vilela, lideran\u00e7as pol\u00edticas e do setor agr\u00edcola, al\u00e9m de centenas de produtores rurais, para celebrar o in\u00edcio da nova safra. <\/p>\n<ul class=\"wp-block-list\">\n<li><strong><em>Fique por dentro das novidades e not\u00edcias recentes sobre a soja! Participe da nossa comunidade atrav\u00e9s do\u00a0<a href=\"https:\/\/chat.whatsapp.com\/BmMRwA0TZ2DHGyhzoaVEWu\">link<\/a>! \ud83c\udf31<\/em><\/strong><\/li>\n<\/ul>\n<p>O presidente da Federa\u00e7\u00e3o da Agricultura e Pecu\u00e1ria de Goi\u00e1s (<a href=\"https:\/\/sistemafaeg.com.br\/\">Faeg<\/a>), Jos\u00e9 M\u00e1rio Schreiner, destacou que o estado caminha para se tornar o segundo maior produtor de gr\u00e3os do pa\u00eds. \u201cS\u00f3 n\u00e3o ultrapassaremos Mato Grosso por conta da grande extens\u00e3o territorial do estado vizinho\u201d, disse. Schreiner ainda apontou que o Vale do Araguaia tem potencial para ampliar em 50% as \u00e1reas agricult\u00e1veis de Goi\u00e1s, com foco no cultivo da soja.<\/p>\n<p>Na safra 2024\/2025, Goi\u00e1s colheu 20,4 milh\u00f5es de toneladas de soja, um crescimento de 18% em rela\u00e7\u00e3o \u00e0 safra anterior. Para a nova temporada, a expectativa \u00e9 superar esse n\u00famero. Clodoaldo Calegari, presidente da Associa\u00e7\u00e3o dos Produtores de Soja de Goi\u00e1s (Aprosoja-Goi\u00e1s), informou que a meta \u00e9 concluir o plantio at\u00e9 o fim de dezembro e iniciar a colheita em janeiro, liberando as \u00e1reas para a segunda safra, conhecida como safrinha.<\/p>\n<p>Vale lembrar que o evento oficial da<a href=\"https:\/\/www.canalrural.com.br\/agricultura\/projeto-soja-brasil\/5-dias-a-abertura-nacional-do-plantio-da-soja-e-nesta-semana\/\"> Abertura Nacional do Plantio de Soja 2025\/2026 <\/a>acontecer\u00e1 nesta sexta-feira (3), \u00e0s 9h, hor\u00e1rio de Bras\u00edlia, em Sidrol\u00e2ndia (MS). Clique aqui para se inscrever.<\/p>\n<\/p><\/div>\n<p><br \/>\n<br \/><a href=\"https:\/\/www.canalrural.com.br\/agricultura\/projeto-soja-brasil\/goias-inicia-plantio-de-soja-da-safra-25-26\/\">Source link <\/a><\/p>\n","protected":false},"excerpt":{"rendered":"<p>O estado de Goi\u00e1s deu in\u00edcio oficialmente ao plantio da soja da safra 2025\/2026 na \u00faltima quinta-feira (25), conforme calend\u00e1rio<\/p>\n","protected":false},"author":1,"featured_media":21064,"comment_status":"open","ping_status":"open","sticky":false,"template":"","format":"standard","meta":{"_monsterinsights_skip_tracking":false,"_monsterinsights_sitenote_active":false,"_monsterinsights_sitenote_note":"","_monsterinsights_sitenote_category":0,"_uf_show_specific_survey":0,"_uf_disable_surveys":false,"footnotes":""},"categories":[1],"tags":[],"class_list":["post-21063","post","type-post","status-publish","format-standard","has-post-thumbnail","hentry","category-news"],"_links":{"self":[{"href":"https:\/\/agromt.news\/index.php?rest_route=\/wp\/v2\/posts\/21063"}],"collection":[{"href":"https:\/\/agromt.news\/index.php?rest_route=\/wp\/v2\/posts"}],"about":[{"href":"https:\/\/agromt.news\/index.php?rest_route=\/wp\/v2\/types\/post"}],"author":[{"embeddable":true,"href":"https:\/\/agromt.news\/index.php?rest_route=\/wp\/v2\/users\/1"}],"replies":[{"embeddable":true,"href":"https:\/\/agromt.news\/index.php?rest_route=%2Fwp%2Fv2%2Fcomments&post=21063"}],"version-history":[{"count":0,"href":"https:\/\/agromt.news\/index.php?rest_route=\/wp\/v2\/posts\/21063\/revisions"}],"wp:featuredmedia":[{"embeddable":true,"href":"https:\/\/agromt.news\/index.php?rest_route=\/wp\/v2\/media\/21064"}],"wp:attachment":[{"href":"https:\/\/agromt.news\/index.php?rest_route=%2Fwp%2Fv2%2Fmedia&parent=21063"}],"wp:term":[{"taxonomy":"category","embeddable":true,"href":"https:\/\/agromt.news\/index.php?rest_route=%2Fwp%2Fv2%2Fcategories&post=21063"},{"taxonomy":"post_tag","embeddable":true,"href":"https:\/\/agromt.news\/index.php?rest_route=%2Fwp%2Fv2%2Ftags&post=21063"}],"curies":[{"name":"wp","href":"https:\/\/api.w.org\/{rel}","templated":true}]}}