{"id":21059,"date":"2025-09-29T12:24:58","date_gmt":"2025-09-29T16:24:58","guid":{"rendered":"https:\/\/agromt.news\/?p=21059"},"modified":"2025-09-29T12:24:58","modified_gmt":"2025-09-29T16:24:58","slug":"justica-suspende-decisao-que-proibia-uso-do-herbicida-24-d-no-rs","status":"publish","type":"post","link":"https:\/\/agromt.news\/?p=21059","title":{"rendered":"Justi\u00e7a suspende decis\u00e3o que proibia uso do herbicida 2,4-D no RS"},"content":{"rendered":"<p> <br \/>\n<br \/><img decoding=\"async\" src=\"https:\/\/agromt.news\/wp-content\/uploads\/2025\/09\/Justica-suspende-decisao-que-proibia-uso-do-herbicida-24-D-no.jpeg\" \/><\/p>\n<div>\n<p>O Tribunal de Justi\u00e7a do Rio Grande do Sul (TJRS) suspendeu, de forma provis\u00f3ria, a decis\u00e3o que proibia o uso do herbicida 2,4-D em \u00e1reas da Campanha Ga\u00facha. Al\u00e9m disso, a proibi\u00e7\u00e3o restringia a aplica\u00e7\u00e3o em regi\u00f5es pr\u00f3ximas a pomares de ma\u00e7\u00e3 e vinhedos. A <a href=\"https:\/\/www.tjrs.jus.br\/novo\/noticia\/justica-suspende-proibicao-do-uso-de-herbicida-24-d\/\">medida<\/a> foi tomada a \u00faltima quinta-feira (25) pelo desembargador Francesco Conti, da 4\u00aa C\u00e2mara C\u00edvel.<\/p>\n<p>A decis\u00e3o atende recurso apresentado pelo governo estadual contra senten\u00e7a da Vara Regional do Meio Ambiente, que havia determinado a proibi\u00e7\u00e3o at\u00e9 a cria\u00e7\u00e3o de um sistema de monitoramento e fiscaliza\u00e7\u00e3o efetivo.<\/p>\n<h3 class=\"wp-block-heading\" id=\"h-proibicao-do-uso-do-herbicida-entenda-o-caso\">Proibi\u00e7\u00e3o do uso do herbicida: entenda o caso<\/h3>\n<p>A proibi\u00e7\u00e3o do 2,4-D foi solicitada por entidades ligadas \u00e0 fruticultura, como a Associa\u00e7\u00e3o Ga\u00facha de Produtores de Ma\u00e7\u00e3 e a Associa\u00e7\u00e3o de Vinhos Finos da Campanha Ga\u00facha. Os representantes alegaram que a deriva do produto, que \u00e9 o deslocamento do defensivo agr\u00edcola pelo vento. De acordo com essas entidades, o uso causa preju\u00edzos ambientais e econ\u00f4micos a culturas sens\u00edveis.<\/p>\n<p>O Estado, no entanto, argumentou que a decis\u00e3o judicial traria efeitos negativos para o setor agr\u00edcola, especialmente por ter sido emitida \u00e0s v\u00e9speras do plantio da safra 2025\/26. Ap\u00f3s a proibi\u00e7\u00e3o, representantes de produtores de gr\u00e3os manifestaram preocupa\u00e7\u00e3o, uma vez que muitos j\u00e1 haviam adquirido insumos e equipamentos com base no manejo que inclui o uso do 2,4-D.<\/p>\n<h3 class=\"wp-block-heading\" id=\"h-fundamentacao-juridica\">Fundamenta\u00e7\u00e3o jur\u00eddica<\/h3>\n<p>Ao analisar o pedido, o desembargador Francesco Conti considerou que a suspens\u00e3o era necess\u00e1ria at\u00e9 o julgamento definitivo do recurso. Ele destacou a complexidade do caso, que envolve diferentes interesses econ\u00f4micos, ambientais e sociais.<\/p>\n<p>Segundo o magistrado, uma proibi\u00e7\u00e3o imediata de um insumo amplamente utilizado no controle de plantas daninhas poderia gerar impactos econ\u00f4micos imprevis\u00edveis. \u201cO planejamento agr\u00edcola \u00e9 de longo prazo e envolve a compra antecipada de sementes, fertilizantes e defensivos\u201d, ressaltou.<\/p>\n<p>Conti tamb\u00e9m apontou falhas na senten\u00e7a anterior, como a aus\u00eancia de clareza sobre quais munic\u00edpios comp\u00f5em a Campanha Ga\u00facha, o que poderia gerar inseguran\u00e7a jur\u00eddica. O m\u00e9rito da quest\u00e3o ser\u00e1 novamente avaliado pelo colegiado da 4\u00aa C\u00e2mara C\u00edvel, que dever\u00e1 analisar de forma detalhada as responsabilidades do Estado e eventuais medidas de fiscaliza\u00e7\u00e3o.<\/p>\n<h3 class=\"wp-block-heading\">Ibraoliva entra como colaborador no processo<\/h3>\n<p>Nos pr\u00f3ximos dias, o Instituto Brasileiro de Olivicultura (<a href=\"https:\/\/www.canalrural.com.br\/tag\/ibraoliva\/\">Ibraoliva<\/a>) deve ingressar como <em>amicus curiae<\/em> na a\u00e7\u00e3o que discute a proibi\u00e7\u00e3o do herbicida. O termo em latim significa \u201camigo do juiz\u201d e se refere a entidades que colaboram com informa\u00e7\u00f5es relevantes para a an\u00e1lise judicial. O objetivo \u00e9 refor\u00e7ar os argumentos t\u00e9cnicos e jur\u00eddicos apresentados pelos fruticultores, especialmente pelos vitivinicultores da Campanha Ga\u00facha.<\/p>\n<p>Al\u00e9m de atuar no processo, o Instituto elaborou uma minuta de notifica\u00e7\u00e3o extrajudicial para ser utilizada por seus associados. O documento pode ser enviado a vizinhos solicitando que o herbicida n\u00e3o seja aplicado, informando tamb\u00e9m os riscos para a sa\u00fade humana e os danos potenciais \u00e0s oliveiras.<\/p>\n<p>Em nota, o diretor jur\u00eddico do Ibraoliva, Jorge Buchabqui, explica que a entrada da entidade no processo \u00e9 uma medida preventiva para evitar preju\u00edzos e poss\u00edveis a\u00e7\u00f5es judiciais. \u201cCada associado pode adaptar o modelo \u00e0s suas condi\u00e7\u00f5es locais e enviar aos vizinhos, reduzindo riscos e prevenindo conflitos futuros\u201d, explicou. Ele acrescentou que j\u00e1 existem olivicultores que ingressaram com a\u00e7\u00f5es contra vizinhos em raz\u00e3o do uso do produto.<\/p>\n<\/p><\/div>\n<p><br \/>\n<br \/><a href=\"https:\/\/www.canalrural.com.br\/agricultura\/justica-suspende-decisao-que-proibia-uso-do-herbicida-24-d-no-rs\/\">Source link <\/a><\/p>\n","protected":false},"excerpt":{"rendered":"<p>O Tribunal de Justi\u00e7a do Rio Grande do Sul (TJRS) suspendeu, de forma provis\u00f3ria, a decis\u00e3o que proibia o uso<\/p>\n","protected":false},"author":1,"featured_media":21060,"comment_status":"open","ping_status":"open","sticky":false,"template":"","format":"standard","meta":{"_monsterinsights_skip_tracking":false,"_monsterinsights_sitenote_active":false,"_monsterinsights_sitenote_note":"","_monsterinsights_sitenote_category":0,"_uf_show_specific_survey":0,"_uf_disable_surveys":false,"footnotes":""},"categories":[1],"tags":[],"class_list":["post-21059","post","type-post","status-publish","format-standard","has-post-thumbnail","hentry","category-news"],"_links":{"self":[{"href":"https:\/\/agromt.news\/index.php?rest_route=\/wp\/v2\/posts\/21059"}],"collection":[{"href":"https:\/\/agromt.news\/index.php?rest_route=\/wp\/v2\/posts"}],"about":[{"href":"https:\/\/agromt.news\/index.php?rest_route=\/wp\/v2\/types\/post"}],"author":[{"embeddable":true,"href":"https:\/\/agromt.news\/index.php?rest_route=\/wp\/v2\/users\/1"}],"replies":[{"embeddable":true,"href":"https:\/\/agromt.news\/index.php?rest_route=%2Fwp%2Fv2%2Fcomments&post=21059"}],"version-history":[{"count":0,"href":"https:\/\/agromt.news\/index.php?rest_route=\/wp\/v2\/posts\/21059\/revisions"}],"wp:featuredmedia":[{"embeddable":true,"href":"https:\/\/agromt.news\/index.php?rest_route=\/wp\/v2\/media\/21060"}],"wp:attachment":[{"href":"https:\/\/agromt.news\/index.php?rest_route=%2Fwp%2Fv2%2Fmedia&parent=21059"}],"wp:term":[{"taxonomy":"category","embeddable":true,"href":"https:\/\/agromt.news\/index.php?rest_route=%2Fwp%2Fv2%2Fcategories&post=21059"},{"taxonomy":"post_tag","embeddable":true,"href":"https:\/\/agromt.news\/index.php?rest_route=%2Fwp%2Fv2%2Ftags&post=21059"}],"curies":[{"name":"wp","href":"https:\/\/api.w.org\/{rel}","templated":true}]}}