{"id":21055,"date":"2025-09-29T11:44:27","date_gmt":"2025-09-29T15:44:27","guid":{"rendered":"https:\/\/agromt.news\/?p=21055"},"modified":"2025-09-29T11:44:27","modified_gmt":"2025-09-29T15:44:27","slug":"inicio-da-primavera-inmet-preve-retorno-gradual-das-chuvas-e-destaca","status":"publish","type":"post","link":"https:\/\/agromt.news\/?p=21055","title":{"rendered":"In\u00edcio da Primavera: Inmet prev\u00ea retorno gradual das chuvas e destaca&#8230;"},"content":{"rendered":"<p> <br \/>\n<\/p>\n<div>\n<p><img decoding=\"async\" alt=\"Logotipo Not&#xED;cias Agr&#xED;colas\" height=\"21\" src=\"https:\/\/cdn.noticiasagricolas.com.br\/dbimagens\/e12363a00741f9cc7caf23469101a4aa.png\" width=\"106\"\/><\/p>\n<p>O Instituto Nacional de Meteorologia (Inmet) divulgou nesta sexta-feira (19) a proje\u00e7\u00e3o de chuvas e temperaturas para a primavera de 2025, per\u00edodo que marca a transi\u00e7\u00e3o entre a esta\u00e7\u00e3o seca e o regime chuvoso em boa parte do Brasil. A esta\u00e7\u00e3o come\u00e7a oficialmente em 22 de setembro, \u00e0s 15h19, e vai at\u00e9 21 de dezembro, \u00e0s 12h03.<\/p>\n<p>Segundo o \u00f3rg\u00e3o, h\u00e1 expectativa de retorno gradual das chuvas no Centro-Oeste e Sudeste a partir de outubro, enquanto no Sul os volumes devem ficar pr\u00f3ximos da m\u00e9dia hist\u00f3rica. J\u00e1 em \u00e1reas do interior do Nordeste, a tend\u00eancia \u00e9 de precipita\u00e7\u00f5es abaixo do normal, o que aumenta o risco de d\u00e9ficits h\u00eddricos em uma fase decisiva para o plantio.<\/p>\n<div class=\"image-center\">\n<figure class=\"image-captioned\"><img decoding=\"async\" alt=\"Destaque_190925\" src=\"https:\/\/cdn.noticiasagricolas.com.br\/dbimagens\/thumbs\/800x2000\/destaque-190925-MyAUJ.png\"\/><figcaption>Precipita\u00e7\u00e3o total (\u00e0 esquerda) e temperatura m\u00e9dia (\u00e0 direita) previstas. Fonte: Inmet<\/figcaption><\/figure>\n<\/div>\n<div class=\"image-center\">\n<figure class=\"image-captioned\"><img decoding=\"async\" alt=\"Anomalias_190925\" src=\"https:\/\/cdn.noticiasagricolas.com.br\/dbimagens\/thumbs\/800x2000\/anomalias-190925-0Jd8F.png\"\/><figcaption>Anomalia de precipita\u00e7\u00e3o (\u00e0 esquerda) e de temperatura (\u00e0 direita) previstas. Fonte: Inmet<\/figcaption><\/figure>\n<\/div>\n<h3><strong>Poss\u00edveis impactos no campo<\/strong><\/h3>\n<p>O relat\u00f3rio do Inmet chama aten\u00e7\u00e3o para os efeitos da variabilidade clim\u00e1tica sobre a safra 2025\/26, em um cen\u00e1rio de poss\u00edvel instala\u00e7\u00e3o do fen\u00f4meno La Ni\u00f1a durante a primavera. Tradicionalmente, o evento est\u00e1 associado a chuvas mais escassas na Regi\u00e3o Sul e a volumes maiores no Norte e Nordeste, mas a intensidade dos impactos depende da combina\u00e7\u00e3o com outros fatores atmosf\u00e9ricos e oce\u00e2nicos.<\/p>\n<p><strong>Nordeste<\/strong>: a previs\u00e3o de chuvas ligeiramente acima da m\u00e9dia em \u00e1reas litor\u00e2neas pode favorecer lavouras de feij\u00e3o e milho da terceira safra. No entanto, em \u00e1reas do Matopiba, a expectativa de precipita\u00e7\u00e3o abaixo da m\u00e9dia eleva o risco de dificuldades para a implanta\u00e7\u00e3o da soja.<\/p>\n<p><strong>Centro-Oeste e Sudeste<\/strong>: a regulariza\u00e7\u00e3o gradual das chuvas deve recompor a umidade do solo e garantir melhores condi\u00e7\u00f5es para o in\u00edcio do plantio da soja e do milho de primeira safra.<\/p>\n<p><strong>Sul<\/strong>: a tend\u00eancia de chuvas pr\u00f3ximas \u00e0 m\u00e9dia favorece o come\u00e7o do ciclo de ver\u00e3o, mas h\u00e1 preocupa\u00e7\u00e3o com o trigo em fase de florescimento. A umidade pode aumentar a incid\u00eancia de doen\u00e7as f\u00fangicas, comprometendo rendimento e qualidade dos gr\u00e3os.<\/p>\n<h3><strong>Temperaturas em eleva\u00e7\u00e3o<\/strong><\/h3>\n<p>O progn\u00f3stico tamb\u00e9m aponta para temperaturas acima da m\u00e9dia em praticamente todo o pa\u00eds, com maior intensidade em \u00e1reas do Norte e interior do Nordeste. Essa condi\u00e7\u00e3o, associada \u00e0 falta de chuvas no sul da Amaz\u00f4nia, tende a manter o risco de queimadas elevado principalmente em outubro.<\/p>\n<h3><strong>Monitoramento ser\u00e1 decisivo<\/strong><\/h3>\n<p>Para o Inmet, o acompanhamento constante das previs\u00f5es clim\u00e1ticas e das condi\u00e7\u00f5es de campo ser\u00e1 fundamental para orientar decis\u00f5es de produtores rurais no in\u00edcio da nova safra. A combina\u00e7\u00e3o entre o retorno gradual das chuvas e a possibilidade de influ\u00eancia da La Ni\u00f1a deve ser observada de perto, j\u00e1 que pode alterar o ritmo do plantio e afetar a produtividade das principais culturas de ver\u00e3o.<\/p>\n<\/p><\/div>\n<p><script async defer src=\"https:\/\/connect.facebook.net\/en_US\/sdk.js\"><\/script><script>\n  !function(f,b,e,v,n,t,s)\n  {if(f.fbq)return;n=f.fbq=function(){n.callMethod?\n    n.callMethod.apply(n,arguments):n.queue.push(arguments)};\n    if(!f._fbq)f._fbq=n;n.push=n;n.loaded=!0;n.version='2.0';\n    n.queue=[];t=b.createElement(e);t.async=!0;\n    t.src=v;s=b.getElementsByTagName(e)[0];\n    s.parentNode.insertBefore(t,s)}(window, document,'script',\n    'https:\/\/connect.facebook.net\/en_US\/fbevents.js');\n  fbq('init', '153495679422335');\n  fbq('track', 'PageView');\n<\/script><br \/>\n<br \/><br \/>\n<br \/><a href=\"https:\/\/www.noticiasagricolas.com.br\/noticias\/clima\/407908-inicio-da-primavera-inmet-preve-retorno-gradual-das-chuvas-e-alerta-para-impactos-no-plantio-2025-26.html\">Source link <\/a><\/p>\n","protected":false},"excerpt":{"rendered":"<p>O Instituto Nacional de Meteorologia (Inmet) divulgou nesta sexta-feira (19) a proje\u00e7\u00e3o de chuvas e temperaturas para a primavera de<\/p>\n","protected":false},"author":1,"featured_media":21056,"comment_status":"open","ping_status":"open","sticky":false,"template":"","format":"standard","meta":{"_monsterinsights_skip_tracking":false,"_monsterinsights_sitenote_active":false,"_monsterinsights_sitenote_note":"","_monsterinsights_sitenote_category":0,"_uf_show_specific_survey":0,"_uf_disable_surveys":false,"footnotes":""},"categories":[8,1,14,16],"tags":[],"class_list":["post-21055","post","type-post","status-publish","format-standard","has-post-thumbnail","hentry","category-agro","category-news","category-politica-agro","category-safra"],"_links":{"self":[{"href":"https:\/\/agromt.news\/index.php?rest_route=\/wp\/v2\/posts\/21055"}],"collection":[{"href":"https:\/\/agromt.news\/index.php?rest_route=\/wp\/v2\/posts"}],"about":[{"href":"https:\/\/agromt.news\/index.php?rest_route=\/wp\/v2\/types\/post"}],"author":[{"embeddable":true,"href":"https:\/\/agromt.news\/index.php?rest_route=\/wp\/v2\/users\/1"}],"replies":[{"embeddable":true,"href":"https:\/\/agromt.news\/index.php?rest_route=%2Fwp%2Fv2%2Fcomments&post=21055"}],"version-history":[{"count":0,"href":"https:\/\/agromt.news\/index.php?rest_route=\/wp\/v2\/posts\/21055\/revisions"}],"wp:featuredmedia":[{"embeddable":true,"href":"https:\/\/agromt.news\/index.php?rest_route=\/wp\/v2\/media\/21056"}],"wp:attachment":[{"href":"https:\/\/agromt.news\/index.php?rest_route=%2Fwp%2Fv2%2Fmedia&parent=21055"}],"wp:term":[{"taxonomy":"category","embeddable":true,"href":"https:\/\/agromt.news\/index.php?rest_route=%2Fwp%2Fv2%2Fcategories&post=21055"},{"taxonomy":"post_tag","embeddable":true,"href":"https:\/\/agromt.news\/index.php?rest_route=%2Fwp%2Fv2%2Ftags&post=21055"}],"curies":[{"name":"wp","href":"https:\/\/api.w.org\/{rel}","templated":true}]}}