{"id":21054,"date":"2025-09-29T11:42:32","date_gmt":"2025-09-29T15:42:32","guid":{"rendered":"https:\/\/agromt.news\/?p=21054"},"modified":"2025-09-29T11:42:32","modified_gmt":"2025-09-29T15:42:32","slug":"recuperacao-judicial-no-agro-sobe-32-no-segundo-trimestre-de-2025","status":"publish","type":"post","link":"https:\/\/agromt.news\/?p=21054","title":{"rendered":"Recupera\u00e7\u00e3o judicial no agro sobe 32% no segundo trimestre de 2025"},"content":{"rendered":"<p> <br \/>\n<br \/><img decoding=\"async\" src=\"https:\/\/agromt.news\/wp-content\/uploads\/2024\/10\/as-10-maiores-somam-R-12-bilhoes-veja-lista.jpg\" \/><\/p>\n<div>\n<p>O agroneg\u00f3cio registrou alta expressiva nos pedidos de recupera\u00e7\u00e3o judicial entre abril e junho de 2025. Segundo indicador da <a href=\"https:\/\/www.canalrural.com.br\/tag\/serasa-experian\/\">Serasa Experian<\/a>, foram 565 solicita\u00e7\u00f5es no per\u00edodo, aumento de 31,7% em rela\u00e7\u00e3o ao mesmo trimestre do ano anterior, quando haviam sido protocolados 429 pedidos.<\/p>\n<p>A medida judicial \u00e9 utilizada por produtores e empresas em dificuldades financeiras para renegociar d\u00edvidas e tentar evitar a fal\u00eancia. O levantamento, divulgado nesta segunda-feira (29), considera produtores rurais pessoa f\u00edsica, pessoa jur\u00eddica e companhias ligadas ao setor.<\/p>\n<h3 class=\"wp-block-heading\" id=\"h-pessoa-juridica-concentra-pedidos-de-recuperacao-judicial\">Pessoa jur\u00eddica concentra pedidos de recupera\u00e7\u00e3o judicial<\/h3>\n<p>A novidade do trimestre foi o predom\u00ednio de pedidos feitos por produtores rurais que atuam como pessoa jur\u00eddica. Foram 243 solicita\u00e7\u00f5es, quase o dobro do registrado em igual per\u00edodo de 2024.<\/p>\n<p>A maior parte veio de produtores ligados \u00e0 soja, com 192 casos. A pecu\u00e1ria de corte tamb\u00e9m se destacou, com 26 pedidos.<\/p>\n<p>Para Marcelo Pimenta, head de Agroneg\u00f3cio da Serasa Experian, a invers\u00e3o chama aten\u00e7\u00e3o. \u201c\u00c9 a primeira vez desde o fim de 2023 que as pessoas jur\u00eddicas superam as f\u00edsicas. Ainda avaliamos se houve represamento de pedidos ou mudan\u00e7a de perfil\u201d, afirmou.<\/p>\n<h3 class=\"wp-block-heading\" id=\"h-pessoa-fisica-e-empresas-tambem-ampliam-uso\">Pessoa f\u00edsica e empresas tamb\u00e9m ampliam uso<\/h3>\n<p>Entre os produtores que atuam como pessoa f\u00edsica, houve 220 pedidos de <a href=\"https:\/\/www.canalrural.com.br\/tag\/recuperacao-judicial\/\">recupera\u00e7\u00e3o judicial<\/a> no segundo trimestre, n\u00famero ligeiramente acima do registrado um ano antes. Enquanto grandes propriet\u00e1rios lideraram os requerimentos, m\u00e9dios e pequenos aparecem na sequ\u00eancia. Arrendat\u00e1rios e grupos familiares tamb\u00e9m tiveram peso relevante, com 83 solicita\u00e7\u00f5es.<\/p>\n<p>Enquanto isso, as empresas ligadas ao agroneg\u00f3cio somaram 102 pedidos, maior volume da s\u00e9rie recente. O destaque foi para o setor de processamento de derivados, como \u00f3leo e farelo de soja, a\u00e7\u00facar e latic\u00ednios, respons\u00e1vel por 32 solicita\u00e7\u00f5es. A agroind\u00fastria de transforma\u00e7\u00e3o prim\u00e1ria e o com\u00e9rcio atacadista de insumos agropecu\u00e1rios vieram na sequ\u00eancia.<\/p>\n<h3 class=\"wp-block-heading\" id=\"h-sinal-de-alerta-no-governo\">Sinal de alerta no governo<\/h3>\n<p>De acordo com o ministro da fazenda, Fernando Haddad, o governo federal estuda a possibilidade de abuso na utiliza\u00e7\u00e3o da recupera\u00e7\u00e3o judicial. Em entrevista no \u00faltimo s\u00e1bado (27) ao podcast <em>3 Irm\u00e3os<\/em>, o ministro citou que o foco est\u00e1 em \u201cum ou dois setores\u201d, por\u00e9m, sem citar especificamente quais.<\/p>\n<p>\u201cTem um \u2018abusinho\u2019 no uso da recupera\u00e7\u00e3o judicial em alguns setores, que a gente est\u00e1 analisando com mais calma\u201d, disse Haddad. Ainda durante o podcast, o ministro afirmou que o aumento na quantidade de pedidos tamb\u00e9m pode ser reflexo da alta de juros. Atualmente, a Selic est\u00e1 em 15%.<\/p>\n<\/p><\/div>\n<p><br \/>\n<br \/><a href=\"https:\/\/www.canalrural.com.br\/agricultura\/agronegocio\/recuperacao-judicial-no-agro-sobe-32-no-segundo-trimestre-de-2025\/\">Source link <\/a><\/p>\n","protected":false},"excerpt":{"rendered":"<p>O agroneg\u00f3cio registrou alta expressiva nos pedidos de recupera\u00e7\u00e3o judicial entre abril e junho de 2025. Segundo indicador da Serasa<\/p>\n","protected":false},"author":1,"featured_media":3487,"comment_status":"open","ping_status":"open","sticky":false,"template":"","format":"standard","meta":{"_monsterinsights_skip_tracking":false,"_monsterinsights_sitenote_active":false,"_monsterinsights_sitenote_note":"","_monsterinsights_sitenote_category":0,"_uf_show_specific_survey":0,"_uf_disable_surveys":false,"footnotes":""},"categories":[1],"tags":[],"class_list":["post-21054","post","type-post","status-publish","format-standard","has-post-thumbnail","hentry","category-news"],"_links":{"self":[{"href":"https:\/\/agromt.news\/index.php?rest_route=\/wp\/v2\/posts\/21054"}],"collection":[{"href":"https:\/\/agromt.news\/index.php?rest_route=\/wp\/v2\/posts"}],"about":[{"href":"https:\/\/agromt.news\/index.php?rest_route=\/wp\/v2\/types\/post"}],"author":[{"embeddable":true,"href":"https:\/\/agromt.news\/index.php?rest_route=\/wp\/v2\/users\/1"}],"replies":[{"embeddable":true,"href":"https:\/\/agromt.news\/index.php?rest_route=%2Fwp%2Fv2%2Fcomments&post=21054"}],"version-history":[{"count":0,"href":"https:\/\/agromt.news\/index.php?rest_route=\/wp\/v2\/posts\/21054\/revisions"}],"wp:featuredmedia":[{"embeddable":true,"href":"https:\/\/agromt.news\/index.php?rest_route=\/wp\/v2\/media\/3487"}],"wp:attachment":[{"href":"https:\/\/agromt.news\/index.php?rest_route=%2Fwp%2Fv2%2Fmedia&parent=21054"}],"wp:term":[{"taxonomy":"category","embeddable":true,"href":"https:\/\/agromt.news\/index.php?rest_route=%2Fwp%2Fv2%2Fcategories&post=21054"},{"taxonomy":"post_tag","embeddable":true,"href":"https:\/\/agromt.news\/index.php?rest_route=%2Fwp%2Fv2%2Ftags&post=21054"}],"curies":[{"name":"wp","href":"https:\/\/api.w.org\/{rel}","templated":true}]}}