{"id":21049,"date":"2025-09-29T10:47:26","date_gmt":"2025-09-29T14:47:26","guid":{"rendered":"https:\/\/agromt.news\/?p=21049"},"modified":"2025-09-29T10:47:26","modified_gmt":"2025-09-29T14:47:26","slug":"cotacoes-do-feijao-atingem-os-maiores-patamares-desde-abril-25","status":"publish","type":"post","link":"https:\/\/agromt.news\/?p=21049","title":{"rendered":"Cota\u00e7\u00f5es do feij\u00e3o atingem os maiores patamares desde abril\/25"},"content":{"rendered":"<p> <br \/>\n<br \/><img decoding=\"async\" src=\"https:\/\/agromt.news\/wp-content\/uploads\/2025\/05\/Feijao-carioca-tem-queda-de-preco-e-cotacao-do-feijao-preto-se.jpg\" \/><\/p>\n<div>\n<p>Os pre\u00e7os do feij\u00e3o preto e do carioca seguem firmes em praticamente todas as regi\u00f5es acompanhadas pelo <a href=\"https:\/\/www.canalrural.com.br\/tag\/cepea\/\">Centro de Estudos Avan\u00e7ados em Economia Aplicada (Cepea).<\/a> Em algumas pra\u00e7as, os atuais patamares s\u00e3o os maiores desde abril deste ano.<\/p>\n<p>Segundo o instituto, a demanda relativamente ativa por lotes de melhor qualidade, em um cen\u00e1rio j\u00e1 de p\u00f3s-colheita e de estoques mais limitados, somada \u00e0 postura retra\u00edda de vendedores sustentaram os movimentos de alta nos valores, com destaque para os do feij\u00e3o preto.<\/p>\n<p>No campo, as aten\u00e7\u00f5es se voltam \u00e0 semeadura da 1\u00aa safra brasileira 2025\/26, que, at\u00e9 20 de setembro, somava 8,3% da \u00e1rea estimada, segundo a Conab. A Companhia projeta 998,6 mil toneladas produzidas na 1\u00aa safra, queda de 6% frente \u00e0 temporada anterior.\u00a0<\/p>\n<p>Para a 2\u00aa e a 3\u00aa safras, as estimativas s\u00e3o de 1,4 milh\u00e3o de t (+3,6%) e de 702,7 mil t (+6%), respectivamente. Assim, a produ\u00e7\u00e3o total das tr\u00eas safras pode atingir 3,1 milh\u00f5es de t, ligeira alta de 0,8% frente a 2024\/25.<\/p>\n<p><em>*Sob supervis\u00e3o de Luis Roberto Toledo<\/em><\/p>\n<\/p><\/div>\n<p><br \/>\n<br \/><a href=\"https:\/\/www.canalrural.com.br\/agricultura\/cotacoes-do-feijao-atingem-os-maiores-patamares-desde-abril-25\/\">Source link <\/a><\/p>\n","protected":false},"excerpt":{"rendered":"<p>Os pre\u00e7os do feij\u00e3o preto e do carioca seguem firmes em praticamente todas as regi\u00f5es acompanhadas pelo Centro de Estudos<\/p>\n","protected":false},"author":1,"featured_media":14193,"comment_status":"open","ping_status":"open","sticky":false,"template":"","format":"standard","meta":{"_monsterinsights_skip_tracking":false,"_monsterinsights_sitenote_active":false,"_monsterinsights_sitenote_note":"","_monsterinsights_sitenote_category":0,"_uf_show_specific_survey":0,"_uf_disable_surveys":false,"footnotes":""},"categories":[1],"tags":[],"class_list":["post-21049","post","type-post","status-publish","format-standard","has-post-thumbnail","hentry","category-news"],"_links":{"self":[{"href":"https:\/\/agromt.news\/index.php?rest_route=\/wp\/v2\/posts\/21049"}],"collection":[{"href":"https:\/\/agromt.news\/index.php?rest_route=\/wp\/v2\/posts"}],"about":[{"href":"https:\/\/agromt.news\/index.php?rest_route=\/wp\/v2\/types\/post"}],"author":[{"embeddable":true,"href":"https:\/\/agromt.news\/index.php?rest_route=\/wp\/v2\/users\/1"}],"replies":[{"embeddable":true,"href":"https:\/\/agromt.news\/index.php?rest_route=%2Fwp%2Fv2%2Fcomments&post=21049"}],"version-history":[{"count":0,"href":"https:\/\/agromt.news\/index.php?rest_route=\/wp\/v2\/posts\/21049\/revisions"}],"wp:featuredmedia":[{"embeddable":true,"href":"https:\/\/agromt.news\/index.php?rest_route=\/wp\/v2\/media\/14193"}],"wp:attachment":[{"href":"https:\/\/agromt.news\/index.php?rest_route=%2Fwp%2Fv2%2Fmedia&parent=21049"}],"wp:term":[{"taxonomy":"category","embeddable":true,"href":"https:\/\/agromt.news\/index.php?rest_route=%2Fwp%2Fv2%2Fcategories&post=21049"},{"taxonomy":"post_tag","embeddable":true,"href":"https:\/\/agromt.news\/index.php?rest_route=%2Fwp%2Fv2%2Ftags&post=21049"}],"curies":[{"name":"wp","href":"https:\/\/api.w.org\/{rel}","templated":true}]}}