{"id":21047,"date":"2025-09-29T10:31:28","date_gmt":"2025-09-29T14:31:28","guid":{"rendered":"https:\/\/agromt.news\/?p=21047"},"modified":"2025-09-29T10:31:28","modified_gmt":"2025-09-29T14:31:28","slug":"movimento-quer-reverter-queda-historica","status":"publish","type":"post","link":"https:\/\/agromt.news\/?p=21047","title":{"rendered":"Movimento quer reverter queda hist\u00f3rica"},"content":{"rendered":"<p> <br \/>\n<\/p>\n<div>\n<div class=\"row\">\n<div class=\"col-lg col-infos mt-0 mt-lg-0\">\n<div class=\"section-sub-title\">\n<p itemprop=\"description\">&#13;<br \/>\n                                A queda no consumo do feij\u00e3o n\u00e3o impacta apenas produtores e comerciantes&#13;\n                            <\/p>\n<\/p><\/div>\n<div class=\"container\">\n<div class=\"row\">\n<div class=\"col-lg p-0\">\n<div>\n<div class=\"block-news-main-infos mt-3 text-start\">\n<p>                                            <strong class=\"fn\" itemprop=\"author\" style=\"color: rgb(112, 112, 112); \">&#13;<br \/>\n                                                <a href=\"https:\/\/www.agrolink.com.br\/noticias\/javascript:;\" class=\"text-uppercase\" target=\"_blank\" style=\"color: rgb(112, 112, 112); \" rel=\"noopener\">Agrolink<\/a>&#13;<br \/>\n&#13;<br \/>\n                                                    &#8211; Leonardo Gottems&#13;<br \/>\n&#13;<br \/>\n                                            <\/strong><br \/>\n                                        <\/p>\n<p>                                            <abbr><time datetime=\"2025 - 09 - 29T02:00\" itemprop=\"datePublished dateModified\"> Publicado em 29\/09\/2025 \u00e0s 02:00h.<\/time><\/abbr>\n                                    <\/div>\n<\/p><\/div>\n<\/p><\/div>\n<div class=\"col-lg p-0 text-lg-end\">\n<div>\n<div id=\"mdEnviarPagina\" class=\"modal fade\" role=\"dialog\">\n<div class=\"modal-dialog\">\n<div class=\"modal-content\">\n<div class=\"modal-body\">\n<p><strong>Estimado usu\u00e1rio.<\/strong><br \/>Preencha o formul\u00e1rio abaixo para remeter a p\u00e1gina.<\/p>\n<\/p><\/div>\n<\/p><\/div>\n<\/p><\/div>\n<\/div><\/div>\n<\/p><\/div>\n<\/p><\/div>\n<\/p><\/div>\n<\/p><\/div>\n<\/p><\/div>\n<div class=\"row justify-content-md-center mt-3\">\n<div class=\"col-lg-auto col-image block-news-main-image\">\n<p>                                <img decoding=\"async\" src=\"https:\/\/www.agrolink.com.br\/upload\/imagens-resizes\/77c3a420a69e4a2881645381fd755d3c_858x483.jpg\" class=\"lazyload img-fluid\" alt=\"A queda no consumo do feij\u00e3o n\u00e3o impacta apenas produtores e comerciantes\"\/><br \/>\n                                                <span class=\"d-block mt-1\">A queda no consumo do feij\u00e3o n\u00e3o impacta apenas produtores e comerciantes &#8211; Foto: Canva<\/span><\/p><\/div>\n<\/p><\/div>\n<div class=\"section-description section-description-noticias mt-3\">\n<p>O consumo de alimentos b\u00e1sicos da mesa do brasileiro passa por mudan\u00e7as significativas nas \u00faltimas d\u00e9cadas. Segundo o Instituto Brasileiro do <a href=\"https:\/\/www.agrolink.com.br\/culturas\/feijao\/?utm_source=agrolink-detalhe-noticia&amp;utm_medium=detalhe-noticia&amp;utm_campaign=links-internos\" target=\"_blank\" rel=\"noopener\">feij\u00e3o<\/a> e Pulses (IBRAFE), entre 1985 e 2025 a queda per capita anual foi de aproximadamente 29,5% no <a href=\"https:\/\/www.agrolink.com.br\/culturas\/arroz\/?utm_source=agrolink-detalhe-noticia&amp;utm_medium=detalhe-noticia&amp;utm_campaign=links-internos\" target=\"_blank\" rel=\"noopener\">arroz<\/a> e de 32,6% no <a href=\"https:\/\/www.agrolink.com.br\/culturas\/feijao\/?utm_source=agrolink-detalhe-noticia&amp;utm_medium=detalhe-noticia&amp;utm_campaign=links-internos\" target=\"_blank\" rel=\"noopener\">feij\u00e3o<\/a>, representando uma transforma\u00e7\u00e3o cultural e nutricional preocupante.&#13;\n<\/p>\n<p>Diante desse cen\u00e1rio, o IBRAFE prop\u00f5e um desafio coletivo: como cada cidad\u00e3o pode contribuir para mudar essa realidade? A entidade refor\u00e7a que n\u00e3o se trata apenas de a\u00e7\u00f5es de grandes propor\u00e7\u00f5es ou investimentos futuros, mas tamb\u00e9m de atitudes simb\u00f3licas que geram visibilidade e di\u00e1logo. Um exemplo \u00e9 o movimento Viva Feij\u00e3o, que convida a sociedade a aderir a pequenos gestos, como exibir um adesivo em ve\u00edculos, tratores ou notebooks, transformando o feij\u00e3o em s\u00edmbolo de orgulho nacional.<\/p>\n<p>A queda no consumo do feij\u00e3o n\u00e3o impacta apenas produtores e comerciantes, mas tamb\u00e9m a sa\u00fade p\u00fablica. A redu\u00e7\u00e3o do h\u00e1bito de incluir o gr\u00e3o no prato cotidiano abre espa\u00e7o para o avan\u00e7o de doen\u00e7as como obesidade, diabetes e hipertens\u00e3o. Enquanto o mercado global de feij\u00e3o seco projeta expans\u00e3o at\u00e9 2035, o Brasil corre o risco de perder um tra\u00e7o cultural e nutricional que historicamente nos diferencia.&#13;\n<\/p>\n<p>Mais do que uma quest\u00e3o de mercado, o feij\u00e3o representa prop\u00f3sito, identidade e comunica\u00e7\u00e3o estrat\u00e9gica. O IBRAFE busca engajar institui\u00e7\u00f5es, empresas, associa\u00e7\u00f5es e a popula\u00e7\u00e3o em geral para refor\u00e7ar a ideia de que o Brasil n\u00e3o \u00e9 rural ou urbano, mas um s\u00f3 diante do tradicional Prato Feito que une arroz, feij\u00e3o, salada, verdura, prote\u00edna e frutas. O adesivo pode ser o primeiro passo de um movimento maior em defesa desse s\u00edmbolo da nossa alimenta\u00e7\u00e3o.<\/p>\n<\/p><\/div>\n<\/p><\/div>\n<p><script data-cfasync=\"false\">\n    !function (f, b, e, v, n, t, s) {\n        if (f.fbq) return; n = f.fbq = function () {\n            n.callMethod ?\n                n.callMethod.apply(n, arguments) : n.queue.push(arguments)\n        };\n        if (!f._fbq) f._fbq = n; n.push = n; n.loaded = !0; n.version = '2.0';\n        n.queue = []; t = b.createElement(e); t.async = !0;\n        t.src = v; s = b.getElementsByTagName(e)[0];\n        s.parentNode.insertBefore(t, s)\n    }(window, document, 'script',\n        'https:\/\/connect.facebook.net\/en_US\/fbevents.js');\n    fbq('init', '522546078623747');\n    fbq('track', 'PageView');\n<\/script><br \/>\n<br \/><br \/>\n<br \/><a href=\"https:\/\/www.agrolink.com.br\/noticias\/feijao--movimento-quer-reverter-queda-historica_506405.html\">Source link <\/a><\/p>\n","protected":false},"excerpt":{"rendered":"<p>&#13; A queda no consumo do feij\u00e3o n\u00e3o impacta apenas produtores e comerciantes&#13; &#13; Agrolink&#13; &#13; &#8211; Leonardo Gottems&#13; &#13;<\/p>\n","protected":false},"author":1,"featured_media":2027,"comment_status":"open","ping_status":"open","sticky":false,"template":"","format":"standard","meta":{"_monsterinsights_skip_tracking":false,"_monsterinsights_sitenote_active":false,"_monsterinsights_sitenote_note":"","_monsterinsights_sitenote_category":0,"_uf_show_specific_survey":0,"_uf_disable_surveys":false,"footnotes":""},"categories":[8,1,14],"tags":[],"class_list":["post-21047","post","type-post","status-publish","format-standard","has-post-thumbnail","hentry","category-agro","category-news","category-politica-agro"],"_links":{"self":[{"href":"https:\/\/agromt.news\/index.php?rest_route=\/wp\/v2\/posts\/21047"}],"collection":[{"href":"https:\/\/agromt.news\/index.php?rest_route=\/wp\/v2\/posts"}],"about":[{"href":"https:\/\/agromt.news\/index.php?rest_route=\/wp\/v2\/types\/post"}],"author":[{"embeddable":true,"href":"https:\/\/agromt.news\/index.php?rest_route=\/wp\/v2\/users\/1"}],"replies":[{"embeddable":true,"href":"https:\/\/agromt.news\/index.php?rest_route=%2Fwp%2Fv2%2Fcomments&post=21047"}],"version-history":[{"count":0,"href":"https:\/\/agromt.news\/index.php?rest_route=\/wp\/v2\/posts\/21047\/revisions"}],"wp:featuredmedia":[{"embeddable":true,"href":"https:\/\/agromt.news\/index.php?rest_route=\/wp\/v2\/media\/2027"}],"wp:attachment":[{"href":"https:\/\/agromt.news\/index.php?rest_route=%2Fwp%2Fv2%2Fmedia&parent=21047"}],"wp:term":[{"taxonomy":"category","embeddable":true,"href":"https:\/\/agromt.news\/index.php?rest_route=%2Fwp%2Fv2%2Fcategories&post=21047"},{"taxonomy":"post_tag","embeddable":true,"href":"https:\/\/agromt.news\/index.php?rest_route=%2Fwp%2Fv2%2Ftags&post=21047"}],"curies":[{"name":"wp","href":"https:\/\/api.w.org\/{rel}","templated":true}]}}