{"id":21046,"date":"2025-09-29T10:19:29","date_gmt":"2025-09-29T14:19:29","guid":{"rendered":"https:\/\/agromt.news\/?p=21046"},"modified":"2025-09-29T10:19:29","modified_gmt":"2025-09-29T14:19:29","slug":"mercado-reduz-projecoes-para-a-inflacao-em-2025-e-2026","status":"publish","type":"post","link":"https:\/\/agromt.news\/?p=21046","title":{"rendered":"Mercado reduz proje\u00e7\u00f5es para a infla\u00e7\u00e3o em 2025 e 2026"},"content":{"rendered":"<p> <br \/>\n<br \/><img decoding=\"async\" src=\"https:\/\/agromt.news\/wp-content\/uploads\/2024\/09\/inflacao-ipca-boletim-focus-marcello-casal-jr-agencia-brasil.jpg\" \/><\/p>\n<div>\n<p>As expectativas do mercado financeiro para a economia brasileira voltaram a registrar mudan\u00e7as nesta semana, segundo o boletim Focus, divulgado pelo <a href=\"https:\/\/www.canalrural.com.br\/tag\/banco-central\/\">Banco Central<\/a> nesta segunda-feira (29). O destaque ficou por conta da redu\u00e7\u00e3o da infla\u00e7\u00e3o em 2025 e em 2026.<\/p>\n<h3 class=\"wp-block-heading\" id=\"h-inflacao-e-juros\">Infla\u00e7\u00e3o e juros<\/h3>\n<p>A previs\u00e3o para o \u00cdndice de Pre\u00e7os ao Consumidor Amplo (<a href=\"https:\/\/www.canalrural.com.br\/tag\/ipca\/\">IPCA<\/a>) de 2025 passou de 4,83% para 4,81%, sinalizando leve al\u00edvio nas estimativas. Para 2026, a expectativa da infla\u00e7\u00e3o oficial caiu de 4,29% para 4,28%. Entretanto, para 2027 e 2028, o n\u00famero foi mantido em 3,90% e 3,70%, respectivamente.<\/p>\n<p>Em rela\u00e7\u00e3o \u00e0 taxa <a href=\"https:\/\/www.canalrural.com.br\/tag\/selic\/\">Selic<\/a>, a proje\u00e7\u00e3o para 2025 continua em 15% ao ano. Para 2026, a mediana das apostas ficou em 12,25%, enquanto para 2027 e 2028 as expectativas permanecem em 10,5% e 10%. A manuten\u00e7\u00e3o reflete a percep\u00e7\u00e3o de que a pol\u00edtica monet\u00e1ria seguir\u00e1 restritiva no curto prazo.<\/p>\n<h3 class=\"wp-block-heading\" id=\"h-cambio-e-atividade-economica\">C\u00e2mbio e atividade econ\u00f4mica<\/h3>\n<p>O c\u00e2mbio tamb\u00e9m apresentou revis\u00e3o. A proje\u00e7\u00e3o para o d\u00f3lar em 2025 recuou de R$ 5,50 para R$ 5,48. Para 2026 e 2027, houve queda de R$ 5,60 para R$ 5,58 e de R$ 5,60 para R$ 5,56. Apenas em 2028 houve leve alta, de R$ 5,54 para R$ 5,56.<\/p>\n<p>O Produto Interno Bruto (<a href=\"https:\/\/www.canalrural.com.br\/tag\/pib\/\">PIB<\/a>) de 2025 foi mantido em 2,16%. Para 2026, o mercado prev\u00ea crescimento de 1,80%, mesmo patamar projetado na semana anterior. Para 2027 e 2028, as estimativas permanecem em 1,90% e 2%, respectivamente.<\/p>\n<h3 class=\"wp-block-heading\" id=\"h-contas-externas-e-contas-publicas\">Contas externas e contas p\u00fablicas<\/h3>\n<p>As proje\u00e7\u00f5es para a balan\u00e7a comercial de 2025 ca\u00edram de US$ 64,81 bilh\u00f5es para US$ 64,60 bilh\u00f5es. No caso da conta corrente, a estimativa de d\u00e9ficit aumentou, passando de US$ 68,32 bilh\u00f5es para US$ 68,32 bilh\u00f5es, sem altera\u00e7\u00e3o em rela\u00e7\u00e3o \u00e0 semana anterior.<\/p>\n<p>Em rela\u00e7\u00e3o \u00e0s contas p\u00fablicas, a d\u00edvida l\u00edquida do setor p\u00fablico para 2025 foi mantida em 65,8% do PIB. Por outro lado, o resultado prim\u00e1rio segue em d\u00e9ficit de 0,51% do PIB neste ano.<\/p>\n<\/p><\/div>\n<p><br \/>\n<br \/><a href=\"https:\/\/www.canalrural.com.br\/economia\/mercado-reduz-projecoes-para-a-inflacao-em-2025-e-2026\/\">Source link <\/a><\/p>\n","protected":false},"excerpt":{"rendered":"<p>As expectativas do mercado financeiro para a economia brasileira voltaram a registrar mudan\u00e7as nesta semana, segundo o boletim Focus, divulgado<\/p>\n","protected":false},"author":1,"featured_media":1331,"comment_status":"open","ping_status":"open","sticky":false,"template":"","format":"standard","meta":{"_monsterinsights_skip_tracking":false,"_monsterinsights_sitenote_active":false,"_monsterinsights_sitenote_note":"","_monsterinsights_sitenote_category":0,"_uf_show_specific_survey":0,"_uf_disable_surveys":false,"footnotes":""},"categories":[1],"tags":[],"class_list":["post-21046","post","type-post","status-publish","format-standard","has-post-thumbnail","hentry","category-news"],"_links":{"self":[{"href":"https:\/\/agromt.news\/index.php?rest_route=\/wp\/v2\/posts\/21046"}],"collection":[{"href":"https:\/\/agromt.news\/index.php?rest_route=\/wp\/v2\/posts"}],"about":[{"href":"https:\/\/agromt.news\/index.php?rest_route=\/wp\/v2\/types\/post"}],"author":[{"embeddable":true,"href":"https:\/\/agromt.news\/index.php?rest_route=\/wp\/v2\/users\/1"}],"replies":[{"embeddable":true,"href":"https:\/\/agromt.news\/index.php?rest_route=%2Fwp%2Fv2%2Fcomments&post=21046"}],"version-history":[{"count":0,"href":"https:\/\/agromt.news\/index.php?rest_route=\/wp\/v2\/posts\/21046\/revisions"}],"wp:featuredmedia":[{"embeddable":true,"href":"https:\/\/agromt.news\/index.php?rest_route=\/wp\/v2\/media\/1331"}],"wp:attachment":[{"href":"https:\/\/agromt.news\/index.php?rest_route=%2Fwp%2Fv2%2Fmedia&parent=21046"}],"wp:term":[{"taxonomy":"category","embeddable":true,"href":"https:\/\/agromt.news\/index.php?rest_route=%2Fwp%2Fv2%2Fcategories&post=21046"},{"taxonomy":"post_tag","embeddable":true,"href":"https:\/\/agromt.news\/index.php?rest_route=%2Fwp%2Fv2%2Ftags&post=21046"}],"curies":[{"name":"wp","href":"https:\/\/api.w.org\/{rel}","templated":true}]}}