{"id":21044,"date":"2025-09-29T09:50:59","date_gmt":"2025-09-29T13:50:59","guid":{"rendered":"https:\/\/agromt.news\/?p=21044"},"modified":"2025-09-29T09:50:59","modified_gmt":"2025-09-29T13:50:59","slug":"5-dias-a-abertura-nacional-do-plantio-da-soja-e-nesta-semana","status":"publish","type":"post","link":"https:\/\/agromt.news\/?p=21044","title":{"rendered":"5 dias! A Abertura Nacional do Plantio da Soja \u00e9 nesta semana!"},"content":{"rendered":"<p> <br \/>\n<br \/><img decoding=\"async\" src=\"https:\/\/agromt.news\/wp-content\/uploads\/2025\/09\/Estudo-sobre-mercado-de-trabalho-na-cadeia-da-soja-e.jpg\" \/><\/p>\n<div>\n<p>Nesta sexta-feira (3) acontecer\u00e1 a <a href=\"https:\/\/www.canalrural.com.br\/agricultura\/projeto-soja-brasil\/falta-apenas-uma-semana-a-abertura-nacional-do-plantio-da-soja-esta-chegando\/\">largada oficial da temporada 25\/26 <\/a>do plantio de soja no Brasil. \u00c0s 9h, hor\u00e1rio de Bras\u00edlia, o munic\u00edpio de Sidrol\u00e2ndia (MS) receber\u00e1 a <a href=\"https:\/\/www.canalrural.com.br\/?s=abertura+nacional+do+plantio+da+soja\">Abertura Nacional do Plantio da Soja<\/a>, evento realizado na Fazenda Recanto.<\/p>\n<p>O encontro tamb\u00e9m marcar\u00e1 o in\u00edcio da <a href=\"https:\/\/www.canalrural.com.br\/agricultura\/projeto-soja-brasil\/\">14\u00aa temporada do projeto Soja Brasil<\/a> e ser\u00e1 transmitido ao vivo pela televis\u00e3o e pelas redes sociais do Canal Rural. N\u00e3o fique de fora: clique <a href=\"https:\/\/eventos.canalrural.com.br\/plantio-da-soja?_gl=1*gz1id9*_ga*NTk3MzU1NjEzLjE3NDg2MTcyMTY.*_ga_4Z7XXTBDRP*czE3NTgyODU2MjckbzUxJGcxJHQxNzU4Mjg4MDg4JGo2MCRsMCRoMA..*_gcl_au*MTE5OTgzODIzMi4xNzUyMjUxOTMz*_ga_Y1X353CDF4*czE3NTgyODU2MjckbzE5JGcxJHQxNzU4Mjg4MDg5JGo1OCRsMCRoODY3NDY1Nzcx\">aqui <\/a>e garanta sua vaga.<\/p>\n<ul class=\"wp-block-list\">\n<li><strong><em>Fique por dentro das novidades e not\u00edcias recentes sobre a soja! Participe da nossa comunidade atrav\u00e9s do\u00a0<a href=\"https:\/\/chat.whatsapp.com\/BmMRwA0TZ2DHGyhzoaVEWu\">link<\/a>! \ud83c\udf31<\/em><\/strong><\/li>\n<\/ul>\n<p>Organizado pelo<a href=\"https:\/\/www.canalrural.com.br\/\"> Canal Rural<\/a>, em parceria com a <a href=\"https:\/\/aprosojabrasil.com.br\/\">Aprosoja Brasil<\/a>, a abertura do encontro ter\u00e1 a participa\u00e7\u00e3o de Paulo Stefanello, presidente do Sindicato Rural de Sidrol\u00e2ndia; Jorge Michelc, presidente da Aprosoja MS; Maur\u00edcio Buffon, presidente da Aprosoja Brasil; e J\u00falio Cargnino, presidente do Canal Rural.<\/p>\n<h3 class=\"wp-block-heading\" id=\"h-paineis-da-abertura-nacional-do-plantio-de-soja\">Pain\u00e9is da Abertura Nacional do Plantio de Soja<\/h3>\n<p>O Painel 1 \u2013 Biocombust\u00edveis: Economia Verde e Oportunidades para o Produtor contar\u00e1 com a participa\u00e7\u00e3o de Donizette Tokarski, presidente da Uni\u00e3o Brasileira do Biodiesel e do Bioquerosene (Ubrabio) e Arthur Falcette, secret\u00e1rio de Estado Adjunto da Secretaria de Meio Ambiente, Desenvolvimento, Ci\u00eancia, Tecnologia e Inova\u00e7\u00e3o, que tamb\u00e9m exerce a fun\u00e7\u00e3o de secret\u00e1rio-executivo de Meio Ambiente da Semadesc.<\/p>\n<p>Na sequ\u00eancia, ser\u00e1 realizado o Painel 2 \u2013 Caminhos para Solu\u00e7\u00e3o dos Gargalos do Agro, com media\u00e7\u00e3o de Fabr\u00edcio Rosa. Entre os convidados est\u00e3o: o presidente da Aprosoja Brasil, Maur\u00edcio Buffon; a senadora Tereza Cristina, ex-ministra da Agricultura e ex-presidente da FPA; e o deputado Rodolfo Nogueira, presidente da Comiss\u00e3o de Agricultura da C\u00e2mara dos Deputados.<\/p>\n<p>O evento ser\u00e1 finalizado com o encerramento das autoridades, representadas por Maur\u00edcio Buffon, presidente da Aprosoja Brasil, e Jorge Michelc, presidente da Aprosoja MS.<\/p>\n<\/p><\/div>\n<p><br \/>\n<br \/><a href=\"https:\/\/www.canalrural.com.br\/agricultura\/projeto-soja-brasil\/5-dias-a-abertura-nacional-do-plantio-da-soja-e-nesta-semana\/\">Source link <\/a><\/p>\n","protected":false},"excerpt":{"rendered":"<p>Nesta sexta-feira (3) acontecer\u00e1 a largada oficial da temporada 25\/26 do plantio de soja no Brasil. \u00c0s 9h, hor\u00e1rio de<\/p>\n","protected":false},"author":1,"featured_media":19693,"comment_status":"open","ping_status":"open","sticky":false,"template":"","format":"standard","meta":{"_monsterinsights_skip_tracking":false,"_monsterinsights_sitenote_active":false,"_monsterinsights_sitenote_note":"","_monsterinsights_sitenote_category":0,"_uf_show_specific_survey":0,"_uf_disable_surveys":false,"footnotes":""},"categories":[1],"tags":[],"class_list":["post-21044","post","type-post","status-publish","format-standard","has-post-thumbnail","hentry","category-news"],"_links":{"self":[{"href":"https:\/\/agromt.news\/index.php?rest_route=\/wp\/v2\/posts\/21044"}],"collection":[{"href":"https:\/\/agromt.news\/index.php?rest_route=\/wp\/v2\/posts"}],"about":[{"href":"https:\/\/agromt.news\/index.php?rest_route=\/wp\/v2\/types\/post"}],"author":[{"embeddable":true,"href":"https:\/\/agromt.news\/index.php?rest_route=\/wp\/v2\/users\/1"}],"replies":[{"embeddable":true,"href":"https:\/\/agromt.news\/index.php?rest_route=%2Fwp%2Fv2%2Fcomments&post=21044"}],"version-history":[{"count":0,"href":"https:\/\/agromt.news\/index.php?rest_route=\/wp\/v2\/posts\/21044\/revisions"}],"wp:featuredmedia":[{"embeddable":true,"href":"https:\/\/agromt.news\/index.php?rest_route=\/wp\/v2\/media\/19693"}],"wp:attachment":[{"href":"https:\/\/agromt.news\/index.php?rest_route=%2Fwp%2Fv2%2Fmedia&parent=21044"}],"wp:term":[{"taxonomy":"category","embeddable":true,"href":"https:\/\/agromt.news\/index.php?rest_route=%2Fwp%2Fv2%2Fcategories&post=21044"},{"taxonomy":"post_tag","embeddable":true,"href":"https:\/\/agromt.news\/index.php?rest_route=%2Fwp%2Fv2%2Ftags&post=21044"}],"curies":[{"name":"wp","href":"https:\/\/api.w.org\/{rel}","templated":true}]}}