{"id":21042,"date":"2025-09-29T09:37:28","date_gmt":"2025-09-29T13:37:28","guid":{"rendered":"https:\/\/agromt.news\/?p=21042"},"modified":"2025-09-29T09:37:28","modified_gmt":"2025-09-29T13:37:28","slug":"fachin-toma-posse-na-presidencia-do-stf-nesta-segunda-feira","status":"publish","type":"post","link":"https:\/\/agromt.news\/?p=21042","title":{"rendered":"Fachin toma posse na presid\u00eancia do STF nesta segunda-feira"},"content":{"rendered":"<p> <br \/>\n<br \/><img decoding=\"async\" src=\"https:\/\/agromt.news\/wp-content\/uploads\/2025\/09\/Fachin-toma-posse-na-presidencia-do-STF-nesta-segunda-feira.jpg\" \/><\/p>\n<div>\n<p>O ministro Edson Fachin toma posse nesta segunda-feira (26), \u00e0s 16h, no cargo de presidente do Supremo Tribunal Federal (STF) pelos pr\u00f3ximos dois anos. O vice-presidente ser\u00e1 o ministro Alexandre de Moraes.<\/p>\n<p>O novo presidente vai suceder Lu\u00eds Roberto Barroso, que completar\u00e1 o mandato de dois anos \u00e0 frente da Corte. A elei\u00e7\u00e3o de Fachin para o cargo ocorreu no m\u00eas passado e foi feita de maneira simb\u00f3lica.<\/p>\n<p>Atualmente, o ministro \u00e9 o vice-presidente, e, pelo crit\u00e9rio de antiguidade, deve assumir o cargo. Conforme o regimento interno, o tribunal deve ser comandado pelo ministro mais antigo que ainda n\u00e3o presidiu a Corte.<\/p>\n<h2 class=\"wp-block-heading\" id=\"h-posse\">Posse<\/h2>\n<p>Foram convidados para a posse o presidente Luiz In\u00e1cio Lula da Silva, o vice-presidente, Geraldo Alckmin, e os presidentes da C\u00e2mara dos Deputados, Hugo Motta (Republicanos-PB), e do Senado, Davi Alcolumbre (Uni\u00e3o-AP), al\u00e9m de outras autoridades.<\/p>\n<p>Fachin dispensou a tradicional festa de posse, que \u00e9 bancada por associa\u00e7\u00f5es de magistrados e oferecida a todos os ministros que chegam ao STF ou assumem a presid\u00eancia.<\/p>\n<h2 class=\"wp-block-heading\" id=\"h-pautas\">Pautas<\/h2>\n<p>Por ter perfil pessoal mais contido, Fachin deve evitar declara\u00e7\u00f5es pol\u00eamicas na imprensa e embates com pol\u00edticos. De acordo com pessoas pr\u00f3ximas ao ministro, o novo presidente deve se destacar pela condu\u00e7\u00e3o de julgamentos com grande impacto social.<\/p>\n<p>Na pr\u00f3xima quarta-feira (1\u00ba), quando ser\u00e1 realizada a primeira sess\u00e3o sob o comando de Fachin, a Corte vai iniciar o julgamento sobre o v\u00ednculo empregat\u00edcio de motoristas e entregadores de aplicativos, a chamada \u201cuberiza\u00e7\u00e3o\u201d.<\/p>\n<h2 class=\"wp-block-heading\" id=\"h-perfil\">Perfil<\/h2>\n<p>Indicado pela ex-presidente Dilma Rousseff, Edson Fachin tomou posse no Supremo em junho de 2015. O ministro nasceu em Rondinha (RS), mas fez carreira jur\u00eddica no Paran\u00e1, onde se formou em direito pela Universidade Federal do Paran\u00e1 (UFPR).<\/p>\n<p>No STF, foi relator das investiga\u00e7\u00f5es da Opera\u00e7\u00e3o Lava Jato, do processo sobre o marco temporal para demarca\u00e7\u00f5es de terras ind\u00edgenas e do caso que ficou conhecido como ADPF das Favelas, a\u00e7\u00e3o na qual foram adotadas diversas medidas para diminuir a letalidade policial durante opera\u00e7\u00f5es contra o tr\u00e1fico de drogas no Rio de Janeiro.<\/p>\n<p>Relator das a\u00e7\u00f5es penais da trama golpista, Alexandre de Moraes \u00e9 formado pela Faculdade de Direito da Universidade de S\u00e3o Paulo (USP). O ministro foi empossado no cargo em mar\u00e7o de 2017.Ele foi indicado pelo ex-presidente Michel Temer para suceder o ministro Teori Zavascki, que morreu em um acidente de avi\u00e3o naquele ano.<\/p>\n<p>Antes de chegar ao STF, Moraes tamb\u00e9m ocupou diversos cargos no governo de S\u00e3o Paulo, onde foi secret\u00e1rio de Seguran\u00e7a P\u00fablica e de Transportes. Tamb\u00e9m foi ministro da Justi\u00e7a no governo Temer.<\/p>\n<\/p><\/div>\n<p><br \/>\n<br \/><a href=\"https:\/\/www.canalrural.com.br\/nacional\/fachin-toma-posse-na-presidencia-do-stf-nesta-segunda-feira\/\">Source link <\/a><\/p>\n","protected":false},"excerpt":{"rendered":"<p>O ministro Edson Fachin toma posse nesta segunda-feira (26), \u00e0s 16h, no cargo de presidente do Supremo Tribunal Federal (STF)<\/p>\n","protected":false},"author":1,"featured_media":21043,"comment_status":"open","ping_status":"open","sticky":false,"template":"","format":"standard","meta":{"_monsterinsights_skip_tracking":false,"_monsterinsights_sitenote_active":false,"_monsterinsights_sitenote_note":"","_monsterinsights_sitenote_category":0,"_uf_show_specific_survey":0,"_uf_disable_surveys":false,"footnotes":""},"categories":[1],"tags":[],"class_list":["post-21042","post","type-post","status-publish","format-standard","has-post-thumbnail","hentry","category-news"],"_links":{"self":[{"href":"https:\/\/agromt.news\/index.php?rest_route=\/wp\/v2\/posts\/21042"}],"collection":[{"href":"https:\/\/agromt.news\/index.php?rest_route=\/wp\/v2\/posts"}],"about":[{"href":"https:\/\/agromt.news\/index.php?rest_route=\/wp\/v2\/types\/post"}],"author":[{"embeddable":true,"href":"https:\/\/agromt.news\/index.php?rest_route=\/wp\/v2\/users\/1"}],"replies":[{"embeddable":true,"href":"https:\/\/agromt.news\/index.php?rest_route=%2Fwp%2Fv2%2Fcomments&post=21042"}],"version-history":[{"count":0,"href":"https:\/\/agromt.news\/index.php?rest_route=\/wp\/v2\/posts\/21042\/revisions"}],"wp:featuredmedia":[{"embeddable":true,"href":"https:\/\/agromt.news\/index.php?rest_route=\/wp\/v2\/media\/21043"}],"wp:attachment":[{"href":"https:\/\/agromt.news\/index.php?rest_route=%2Fwp%2Fv2%2Fmedia&parent=21042"}],"wp:term":[{"taxonomy":"category","embeddable":true,"href":"https:\/\/agromt.news\/index.php?rest_route=%2Fwp%2Fv2%2Fcategories&post=21042"},{"taxonomy":"post_tag","embeddable":true,"href":"https:\/\/agromt.news\/index.php?rest_route=%2Fwp%2Fv2%2Ftags&post=21042"}],"curies":[{"name":"wp","href":"https:\/\/api.w.org\/{rel}","templated":true}]}}