{"id":21035,"date":"2025-09-29T06:39:17","date_gmt":"2025-09-29T10:39:17","guid":{"rendered":"https:\/\/agromt.news\/?p=21035"},"modified":"2025-09-29T06:39:17","modified_gmt":"2025-09-29T10:39:17","slug":"queda-da-ureia-traz-alivio-parcial","status":"publish","type":"post","link":"https:\/\/agromt.news\/?p=21035","title":{"rendered":"Queda da ureia traz al\u00edvio parcial"},"content":{"rendered":"<p> <br \/>\n<\/p>\n<div>\n<div class=\"row\">\n<div class=\"col-lg col-infos mt-0 mt-lg-0\">\n<div class=\"section-sub-title\">\n<p itemprop=\"description\">&#13;<br \/>\n                                A ureia segue mais cara em compara\u00e7\u00e3o com 2024&#13;\n                            <\/p>\n<\/p><\/div>\n<div class=\"container\">\n<div class=\"row\">\n<div class=\"col-lg p-0\">\n<div>\n<div class=\"block-news-main-infos mt-3 text-start\">\n<p>                                            <strong class=\"fn\" itemprop=\"author\" style=\"color: rgb(112, 112, 112); \">&#13;<br \/>\n                                                <a href=\"https:\/\/www.agrolink.com.br\/noticias\/javascript:;\" class=\"text-uppercase\" target=\"_blank\" style=\"color: rgb(112, 112, 112); \" rel=\"noopener\">Agrolink<\/a>&#13;<br \/>\n&#13;<br \/>\n                                                    &#8211; Leonardo Gottems&#13;<br \/>\n&#13;<br \/>\n                                            <\/strong><br \/>\n                                        <\/p>\n<p>                                            <abbr><time datetime=\"2025 - 09 - 29T02:30\" itemprop=\"datePublished dateModified\"> Publicado em 29\/09\/2025 \u00e0s 02:30h.<\/time><\/abbr>\n                                    <\/div>\n<\/p><\/div>\n<\/p><\/div>\n<div class=\"col-lg p-0 text-lg-end\">\n<div>\n<div id=\"mdEnviarPagina\" class=\"modal fade\" role=\"dialog\">\n<div class=\"modal-dialog\">\n<div class=\"modal-content\">\n<div class=\"modal-body\">\n<p><strong>Estimado usu\u00e1rio.<\/strong><br \/>Preencha o formul\u00e1rio abaixo para remeter a p\u00e1gina.<\/p>\n<\/p><\/div>\n<\/p><\/div>\n<\/p><\/div>\n<\/div><\/div>\n<\/p><\/div>\n<\/p><\/div>\n<\/p><\/div>\n<\/p><\/div>\n<\/p><\/div>\n<div class=\"row justify-content-md-center mt-3\">\n<div class=\"col-lg-auto col-image block-news-main-image\">\n<p>                                <img decoding=\"async\" src=\"https:\/\/www.agrolink.com.br\/upload\/imagens-resizes\/ceff29de552642439469d123ca87f414_858x483.jpg\" class=\"lazyload img-fluid\" alt=\"A ureia segue mais cara em compara\u00e7\u00e3o com 2024\"\/><br \/>\n                                                <span class=\"d-block mt-1\">A ureia segue mais cara em compara\u00e7\u00e3o com 2024 &#8211; Foto: Canva<\/span><\/p><\/div>\n<\/p><\/div>\n<div class=\"section-description section-description-noticias mt-3\">\n<p>Os pre\u00e7os da <a href=\"https:\/\/www.agrolink.com.br\/fertilizantes\/adubacao-mineral\/adubo--ureia---manejo_464496.html?utm_source=agrolink-detalhe-noticia&amp;utm_medium=detalhe-noticia&amp;utm_campaign=links-internoshttps:\/\/www.agrolink.com.br\/fertilizantes\/adubacao-mineral\/adubo--ureia---manejo_464496.html?utm_source=agrolink-detalhe-noticia&amp;utm_medium=detalhe-noticia&amp;utm_campaign=links-internos\" target=\"_blank\" rel=\"noopener\">Ureia<\/a> apresentaram queda nas \u00faltimas quatro semanas no mercado internacional. No Brasil, essa retra\u00e7\u00e3o foi acompanhada por um fator adicional favor\u00e1vel: al\u00e9m da redu\u00e7\u00e3o em d\u00f3lar, o c\u00e2mbio atual tem auxiliado o produtor que realiza suas compras em reais, avalia Jeferson Souza, analista de intelig\u00eancia de mercado. Esse movimento trouxe algum al\u00edvio imediato, mas ainda n\u00e3o foi suficiente para colocar os valores abaixo do observado no \u00faltimo ano.&#13;\n<\/p>\n<p>Mesmo com as baixas recentes, a ureia segue mais cara em compara\u00e7\u00e3o com 2024. Em moeda nacional, os pre\u00e7os est\u00e3o cerca de 8% acima dos do ano passado, enquanto em d\u00f3lar a alta acumulada chega a 16% no comparativo entre setembro de 2024 e a \u00faltima semana de setembro de 2025, representando aproximadamente US$ 50 por tonelada a mais. Esse avan\u00e7o demonstra como a press\u00e3o internacional continua influenciando diretamente o custo do insumo no Brasil, mesmo em momentos de desvaloriza\u00e7\u00e3o.<\/p>\n<p>Souza destaca que o ano de 2025 vem sendo marcado por uma competi\u00e7\u00e3o intensa entre ureia e sulfato de am\u00f4nio, com este \u00faltimo se mostrando mais competitivo. Essa diferen\u00e7a de desempenho tem reduzido a liquidez da ureia no mercado dom\u00e9stico, ao passo que as importa\u00e7\u00f5es do produto caem em rela\u00e7\u00e3o a 2024. O movimento oposto ocorre com o sulfato de am\u00f4nio, que alcan\u00e7a recordes hist\u00f3ricos de entrada no pa\u00eds, consolidando-se como uma alternativa cada vez mais presente no planejamento de fertiliza\u00e7\u00e3o.&#13;\n<\/p>\n<p>Outro fator de peso \u00e9 a demanda projetada para os pr\u00f3ximos ciclos. Ainda h\u00e1 um amplo espa\u00e7o para neg\u00f3cios ligados ao milho \u201csafrinha\u201d de 2026 neste \u00faltimo trimestre do ano, e opera\u00e7\u00f5es antecipadas para 2027 j\u00e1 est\u00e3o sendo registradas. Para Souza, o cen\u00e1rio refor\u00e7a a necessidade de an\u00e1lises regionais no mercado de insumos.\u00a0<br \/>&#13;<br \/>\n\u00a0<\/p>\n<\/p><\/div>\n<\/p><\/div>\n<p><script data-cfasync=\"false\">\n    !function (f, b, e, v, n, t, s) {\n        if (f.fbq) return; n = f.fbq = function () {\n            n.callMethod ?\n                n.callMethod.apply(n, arguments) : n.queue.push(arguments)\n        };\n        if (!f._fbq) f._fbq = n; n.push = n; n.loaded = !0; n.version = '2.0';\n        n.queue = []; t = b.createElement(e); t.async = !0;\n        t.src = v; s = b.getElementsByTagName(e)[0];\n        s.parentNode.insertBefore(t, s)\n    }(window, document, 'script',\n        'https:\/\/connect.facebook.net\/en_US\/fbevents.js');\n    fbq('init', '522546078623747');\n    fbq('track', 'PageView');\n<\/script><br \/>\n<br \/><br \/>\n<br \/><a href=\"https:\/\/www.agrolink.com.br\/noticias\/queda-da-ureia-traz-alivio-parcial_506407.html\">Source link <\/a><\/p>\n","protected":false},"excerpt":{"rendered":"<p>&#13; A ureia segue mais cara em compara\u00e7\u00e3o com 2024&#13; &#13; Agrolink&#13; &#13; &#8211; Leonardo Gottems&#13; &#13; Publicado em 29\/09\/2025<\/p>\n","protected":false},"author":1,"featured_media":1974,"comment_status":"open","ping_status":"open","sticky":false,"template":"","format":"standard","meta":{"_monsterinsights_skip_tracking":false,"_monsterinsights_sitenote_active":false,"_monsterinsights_sitenote_note":"","_monsterinsights_sitenote_category":0,"_uf_show_specific_survey":0,"_uf_disable_surveys":false,"footnotes":""},"categories":[8,1,14],"tags":[],"class_list":["post-21035","post","type-post","status-publish","format-standard","has-post-thumbnail","hentry","category-agro","category-news","category-politica-agro"],"_links":{"self":[{"href":"https:\/\/agromt.news\/index.php?rest_route=\/wp\/v2\/posts\/21035"}],"collection":[{"href":"https:\/\/agromt.news\/index.php?rest_route=\/wp\/v2\/posts"}],"about":[{"href":"https:\/\/agromt.news\/index.php?rest_route=\/wp\/v2\/types\/post"}],"author":[{"embeddable":true,"href":"https:\/\/agromt.news\/index.php?rest_route=\/wp\/v2\/users\/1"}],"replies":[{"embeddable":true,"href":"https:\/\/agromt.news\/index.php?rest_route=%2Fwp%2Fv2%2Fcomments&post=21035"}],"version-history":[{"count":0,"href":"https:\/\/agromt.news\/index.php?rest_route=\/wp\/v2\/posts\/21035\/revisions"}],"wp:featuredmedia":[{"embeddable":true,"href":"https:\/\/agromt.news\/index.php?rest_route=\/wp\/v2\/media\/1974"}],"wp:attachment":[{"href":"https:\/\/agromt.news\/index.php?rest_route=%2Fwp%2Fv2%2Fmedia&parent=21035"}],"wp:term":[{"taxonomy":"category","embeddable":true,"href":"https:\/\/agromt.news\/index.php?rest_route=%2Fwp%2Fv2%2Fcategories&post=21035"},{"taxonomy":"post_tag","embeddable":true,"href":"https:\/\/agromt.news\/index.php?rest_route=%2Fwp%2Fv2%2Ftags&post=21035"}],"curies":[{"name":"wp","href":"https:\/\/api.w.org\/{rel}","templated":true}]}}