{"id":21034,"date":"2025-09-29T04:43:12","date_gmt":"2025-09-29T08:43:12","guid":{"rendered":"https:\/\/agromt.news\/?p=21034"},"modified":"2025-09-29T04:43:12","modified_gmt":"2025-09-29T08:43:12","slug":"projeto-de-algodao-organico-com-irrigacao-avanca-2","status":"publish","type":"post","link":"https:\/\/agromt.news\/?p=21034","title":{"rendered":"Projeto de algod\u00e3o org\u00e2nico com irriga\u00e7\u00e3o avan\u00e7a"},"content":{"rendered":"<p> <br \/>\n<\/p>\n<div>\n<div class=\"row\">\n<div class=\"col-lg col-infos mt-0 mt-lg-0\">\n<div class=\"section-sub-title\">\n<p itemprop=\"description\">&#13;<br \/>\n                                A a\u00e7\u00e3o integra diferentes apoios&#13;\n                            <\/p>\n<\/p><\/div>\n<div class=\"container\">\n<div class=\"row\">\n<div class=\"col-lg p-0\">\n<div>\n<div class=\"block-news-main-infos mt-3 text-start\">\n<p>                                            <strong class=\"fn\" itemprop=\"author\" style=\"color: rgb(112, 112, 112); \">&#13;<br \/>\n                                                <a href=\"https:\/\/www.agrolink.com.br\/noticias\/javascript:;\" class=\"text-uppercase\" target=\"_blank\" style=\"color: rgb(112, 112, 112); \" rel=\"noopener\">Agrolink<\/a>&#13;<br \/>\n&#13;<br \/>\n                                                    &#8211; Leonardo Gottems&#13;<br \/>\n&#13;<br \/>\n                                            <\/strong><br \/>\n                                        <\/p>\n<p>                                            <abbr><time datetime=\"2025 - 09 - 29T02:45\" itemprop=\"datePublished dateModified\"> Publicado em 29\/09\/2025 \u00e0s 02:45h.<\/time><\/abbr>\n                                    <\/div>\n<\/p><\/div>\n<\/p><\/div>\n<div class=\"col-lg p-0 text-lg-end\">\n<div>\n<div id=\"mdEnviarPagina\" class=\"modal fade\" role=\"dialog\">\n<div class=\"modal-dialog\">\n<div class=\"modal-content\">\n<div class=\"modal-body\">\n<p><strong>Estimado usu\u00e1rio.<\/strong><br \/>Preencha o formul\u00e1rio abaixo para remeter a p\u00e1gina.<\/p>\n<\/p><\/div>\n<\/p><\/div>\n<\/p><\/div>\n<\/div><\/div>\n<\/p><\/div>\n<\/p><\/div>\n<\/p><\/div>\n<\/p><\/div>\n<\/p><\/div>\n<div class=\"row justify-content-md-center mt-3\">\n<div class=\"col-lg-auto col-image block-news-main-image\">\n<p>                                <img decoding=\"async\" src=\"https:\/\/www.agrolink.com.br\/upload\/imagens-resizes\/adfe2ca8273b42708e91ea234f4539a8_858x483.jpg\" class=\"lazyload img-fluid\" alt=\"A a\u00e7\u00e3o integra diferentes apoios\"\/><br \/>\n                                                <span class=\"d-block mt-1\">A a\u00e7\u00e3o integra diferentes apoios &#8211; Foto: Pixabay<\/span><\/p><\/div>\n<\/p><\/div>\n<div class=\"section-description section-description-noticias mt-3\">\n<p>Mais um passo importante foi dado para ampliar o cultivo de <a href=\"https:\/\/www.agrolink.com.br\/culturas\/algodao\/\" target=\"_blank\" rel=\"noopener\">algod\u00e3o<\/a> org\u00e2nico consorciado no Semi\u00e1rido paraibano. O projeto, desenvolvido pela Empresa Paraibana de Pesquisa, Extens\u00e3o Rural e Regulariza\u00e7\u00e3o Fundi\u00e1ria (Empaer) em parceria com o Instituto Casaca de Couro (ICC), utiliza sistema de irriga\u00e7\u00e3o que possibilita at\u00e9 tr\u00eas colheitas por ano. A iniciativa come\u00e7ou no munic\u00edpio de Pilar, na Comunidade Ch\u00e3 de Areia, envolvendo tr\u00eas produtores locais.&#13;\n<\/p>\n<p>A a\u00e7\u00e3o integra diferentes apoios: a Empaer oferece assist\u00eancia t\u00e9cnica, a prefeitura de Pilar garantiu o preparo da terra e o ICC compra toda a produ\u00e7\u00e3o com pre\u00e7o fixo, al\u00e9m de fornecer a certifica\u00e7\u00e3o. O modelo tamb\u00e9m prev\u00ea o plantio de milho e gergelim, ampliando as alternativas de renda para os agricultores.<\/p>\n<p>\u201cO Governo do Estado, por meio da Empaer, vai prestar todo a assist\u00eancia t\u00e9cnica. A prefeitura municipal de Pilar entrou com o corte da terra. J\u00e1 o Instituto Casaca de Couro garante a compra da produ\u00e7\u00e3o\u201d, explicou o gerente regional da Empaer em Itabaiana, Paulo Em\u00edlio.&#13;\n<\/p>\n<p>Segundo os t\u00e9cnicos, a proposta aproveita as \u00e1guas da transposi\u00e7\u00e3o do Rio S\u00e3o Francisco, com meta de expandir o sistema irrigado do Cariri at\u00e9 o Agreste, alcan\u00e7ando munic\u00edpios \u00e0s margens do Rio Para\u00edba. Financiamentos via Banco do Nordeste, por meio do Agroamigo, podem auxiliar os produtores a investir na irriga\u00e7\u00e3o.<\/p>\n<p>Com isso, o projeto busca consolidar um modelo produtivo sustent\u00e1vel e garantir mercado para a produ\u00e7\u00e3o agr\u00edcola regional, fortalecendo a economia do Semi\u00e1rido e oferecendo novas oportunidades aos pequenos produtores. \u201cEnfim, inicialmente, queremos chegar a todos os munic\u00edpios que est\u00e3o \u00e0s margens do Rio Para\u00edba. Mas se algu\u00e9m tem um po\u00e7o, um a\u00e7ude, um manancial que tenha condi\u00e7\u00f5es de irrigar, estaremos juntos, Empaer e ICC, para executarmos esse projeto\u201d, afirmou.<br \/>&#13;<br \/>\n\u00a0&#13;\n<\/p>\n<\/p><\/div>\n<\/p><\/div>\n<p><script data-cfasync=\"false\">\n    !function (f, b, e, v, n, t, s) {\n        if (f.fbq) return; n = f.fbq = function () {\n            n.callMethod ?\n                n.callMethod.apply(n, arguments) : n.queue.push(arguments)\n        };\n        if (!f._fbq) f._fbq = n; n.push = n; n.loaded = !0; n.version = '2.0';\n        n.queue = []; t = b.createElement(e); t.async = !0;\n        t.src = v; s = b.getElementsByTagName(e)[0];\n        s.parentNode.insertBefore(t, s)\n    }(window, document, 'script',\n        'https:\/\/connect.facebook.net\/en_US\/fbevents.js');\n    fbq('init', '522546078623747');\n    fbq('track', 'PageView');\n<\/script><br \/>\n<br \/><br \/>\n<br \/><a href=\"https:\/\/www.agrolink.com.br\/noticias\/projeto-de-algodao-organico-com-irrigacao-avanca_506409.html\">Source link <\/a><\/p>\n","protected":false},"excerpt":{"rendered":"<p>&#13; A a\u00e7\u00e3o integra diferentes apoios&#13; &#13; Agrolink&#13; &#13; &#8211; Leonardo Gottems&#13; &#13; Publicado em 29\/09\/2025 \u00e0s 02:45h. Estimado usu\u00e1rio.Preencha<\/p>\n","protected":false},"author":1,"featured_media":6737,"comment_status":"open","ping_status":"open","sticky":false,"template":"","format":"standard","meta":{"_monsterinsights_skip_tracking":false,"_monsterinsights_sitenote_active":false,"_monsterinsights_sitenote_note":"","_monsterinsights_sitenote_category":0,"_uf_show_specific_survey":0,"_uf_disable_surveys":false,"footnotes":""},"categories":[8,1,14],"tags":[],"class_list":["post-21034","post","type-post","status-publish","format-standard","has-post-thumbnail","hentry","category-agro","category-news","category-politica-agro"],"_links":{"self":[{"href":"https:\/\/agromt.news\/index.php?rest_route=\/wp\/v2\/posts\/21034"}],"collection":[{"href":"https:\/\/agromt.news\/index.php?rest_route=\/wp\/v2\/posts"}],"about":[{"href":"https:\/\/agromt.news\/index.php?rest_route=\/wp\/v2\/types\/post"}],"author":[{"embeddable":true,"href":"https:\/\/agromt.news\/index.php?rest_route=\/wp\/v2\/users\/1"}],"replies":[{"embeddable":true,"href":"https:\/\/agromt.news\/index.php?rest_route=%2Fwp%2Fv2%2Fcomments&post=21034"}],"version-history":[{"count":0,"href":"https:\/\/agromt.news\/index.php?rest_route=\/wp\/v2\/posts\/21034\/revisions"}],"wp:featuredmedia":[{"embeddable":true,"href":"https:\/\/agromt.news\/index.php?rest_route=\/wp\/v2\/media\/6737"}],"wp:attachment":[{"href":"https:\/\/agromt.news\/index.php?rest_route=%2Fwp%2Fv2%2Fmedia&parent=21034"}],"wp:term":[{"taxonomy":"category","embeddable":true,"href":"https:\/\/agromt.news\/index.php?rest_route=%2Fwp%2Fv2%2Fcategories&post=21034"},{"taxonomy":"post_tag","embeddable":true,"href":"https:\/\/agromt.news\/index.php?rest_route=%2Fwp%2Fv2%2Ftags&post=21034"}],"curies":[{"name":"wp","href":"https:\/\/api.w.org\/{rel}","templated":true}]}}