{"id":21022,"date":"2025-09-28T18:05:48","date_gmt":"2025-09-28T22:05:48","guid":{"rendered":"https:\/\/agromt.news\/?p=21022"},"modified":"2025-09-28T18:05:48","modified_gmt":"2025-09-28T22:05:48","slug":"comissao-aprova-medidas-de-protecao-a-abelha-sem-ferrao","status":"publish","type":"post","link":"https:\/\/agromt.news\/?p=21022","title":{"rendered":"Comiss\u00e3o aprova medidas de prote\u00e7\u00e3o \u00e0 abelha sem ferr\u00e3o"},"content":{"rendered":"<p> <br \/>\n<br \/><img decoding=\"async\" src=\"https:\/\/agromt.news\/wp-content\/uploads\/2025\/09\/Comissao-aprova-medidas-de-protecao-a-abelha-sem-ferrao.jpg\" \/><\/p>\n<div>\n<p>A Comiss\u00e3o de Desenvolvimento Urbano da <a href=\"https:\/\/www.canalrural.com.br\/tag\/camara-dos-deputados\/\">C\u00e2mara dos Deputados<\/a> aprovou proposta para promover a\u00e7\u00f5es de incentivo \u00e0 prote\u00e7\u00e3o das abelhas sem ferr\u00e3o e ao desenvolvimento de melipon\u00e1rios urbanos dentro da pol\u00edtica de produ\u00e7\u00e3o de mel.<\/p>\n<p>O projeto altera a <a href=\"https:\/\/www2.camara.gov.br\/legin\/fed\/lei\/2023\/lei-14639-25-julho-2023-794480-norma-pl.html\">Lei 14.639\/23<\/a>, que institui a Pol\u00edtica Nacional de Incentivo \u00e0 Produ\u00e7\u00e3o Mel\u00edfera e ao Desenvolvimento de Produtos e Servi\u00e7os Ap\u00edcolas e Melipon\u00edcolas de Qualidade.<\/p>\n<p>O <a href=\"https:\/\/www.camara.leg.br\/proposicoesWeb\/prop_mostrarintegra?codteor=2946659&amp;filename=Parecer-CMADS-2025-07-01\">texto aprovado<\/a> \u00e9 um substitutivo da Comiss\u00e3o de Meio Ambiente e Desenvolvimento Sustent\u00e1vel ao Projeto de Lei 430\/23, do deputado Jos\u00e9 Medeiros (PL-MT). <\/p>\n<p>A proposta original previa a inclus\u00e3o, no plano diretor das cidades, de \u00e1reas de prote\u00e7\u00e3o para abelhas sem ferr\u00e3o e melipon\u00e1rios urbanos.<\/p>\n<p>Para o relator, deputado Saulo Pedroso (PSD-SP), tornar obrigat\u00f3ria a inclus\u00e3o de melipon\u00e1rios poderia dificultar a implementa\u00e7\u00e3o da pol\u00edtica, gerando conflitos normativos e sobrecarga administrativa para gestores p\u00fablicos.<\/p>\n<p>O texto da Comiss\u00e3o de Meio Ambiente, segundo Pedroso, \u00e9 mais adequado porque permite ao poder p\u00fablico realizar a\u00e7\u00f5es de incentivo \u00e0 prote\u00e7\u00e3o das abelhas sem ferr\u00e3o e ao desenvolvimento de melipon\u00e1rios urbanos, conferindo, ainda, harmoniza\u00e7\u00e3o entre as normas sem ultrapassar qualquer limite de compet\u00eancia.<\/p>\n<h2 class=\"wp-block-heading\" id=\"h-proximos-passos\"><strong>Pr\u00f3ximos passos<\/strong><\/h2>\n<p>A proposta ainda ser\u00e1 analisada em car\u00e1ter conclusivo pela Comiss\u00e3o de Constitui\u00e7\u00e3o e Justi\u00e7a e de Cidadania. Para virar lei, a proposta precisa ser aprovada pela C\u00e2mara e pelo Senado.<\/p>\n<\/p><\/div>\n<p><br \/>\n<br \/><a href=\"https:\/\/www.canalrural.com.br\/agricultura\/comissao-aprova-medidas-de-protecao-a-abelha-sem-ferrao\/\">Source link <\/a><\/p>\n","protected":false},"excerpt":{"rendered":"<p>A Comiss\u00e3o de Desenvolvimento Urbano da C\u00e2mara dos Deputados aprovou proposta para promover a\u00e7\u00f5es de incentivo \u00e0 prote\u00e7\u00e3o das abelhas<\/p>\n","protected":false},"author":1,"featured_media":21023,"comment_status":"open","ping_status":"open","sticky":false,"template":"","format":"standard","meta":{"_monsterinsights_skip_tracking":false,"_monsterinsights_sitenote_active":false,"_monsterinsights_sitenote_note":"","_monsterinsights_sitenote_category":0,"_uf_show_specific_survey":0,"_uf_disable_surveys":false,"footnotes":""},"categories":[1],"tags":[],"class_list":["post-21022","post","type-post","status-publish","format-standard","has-post-thumbnail","hentry","category-news"],"_links":{"self":[{"href":"https:\/\/agromt.news\/index.php?rest_route=\/wp\/v2\/posts\/21022"}],"collection":[{"href":"https:\/\/agromt.news\/index.php?rest_route=\/wp\/v2\/posts"}],"about":[{"href":"https:\/\/agromt.news\/index.php?rest_route=\/wp\/v2\/types\/post"}],"author":[{"embeddable":true,"href":"https:\/\/agromt.news\/index.php?rest_route=\/wp\/v2\/users\/1"}],"replies":[{"embeddable":true,"href":"https:\/\/agromt.news\/index.php?rest_route=%2Fwp%2Fv2%2Fcomments&post=21022"}],"version-history":[{"count":0,"href":"https:\/\/agromt.news\/index.php?rest_route=\/wp\/v2\/posts\/21022\/revisions"}],"wp:featuredmedia":[{"embeddable":true,"href":"https:\/\/agromt.news\/index.php?rest_route=\/wp\/v2\/media\/21023"}],"wp:attachment":[{"href":"https:\/\/agromt.news\/index.php?rest_route=%2Fwp%2Fv2%2Fmedia&parent=21022"}],"wp:term":[{"taxonomy":"category","embeddable":true,"href":"https:\/\/agromt.news\/index.php?rest_route=%2Fwp%2Fv2%2Fcategories&post=21022"},{"taxonomy":"post_tag","embeddable":true,"href":"https:\/\/agromt.news\/index.php?rest_route=%2Fwp%2Fv2%2Ftags&post=21022"}],"curies":[{"name":"wp","href":"https:\/\/api.w.org\/{rel}","templated":true}]}}