{"id":21020,"date":"2025-09-28T16:56:06","date_gmt":"2025-09-28T20:56:06","guid":{"rendered":"https:\/\/agromt.news\/?p=21020"},"modified":"2025-09-28T16:56:06","modified_gmt":"2025-09-28T20:56:06","slug":"desmatamento-ilegal-e-invasao-de-terras-nao-sao-culpa-do-agro-diz-ex-ministro","status":"publish","type":"post","link":"https:\/\/agromt.news\/?p=21020","title":{"rendered":"Desmatamento ilegal e invas\u00e3o de terras n\u00e3o s\u00e3o culpa do agro, diz ex-ministro"},"content":{"rendered":"<p> <br \/>\n<\/p>\n<div>\n<p>Na COP30, o governo brasileiro apresentar\u00e1 o <a href=\"https:\/\/www.canalrural.com.br\/tag\/plano-clima\/\">Plano Clima<\/a>, documento que define medidas para reduzir emiss\u00f5es de gases de efeito estufa at\u00e9 2035. O plano faz parte das Contribui\u00e7\u00f5es Nacionalmente Determinadas (NDCs) que o pa\u00eds assume internacionalmente.<\/p>\n<p>O professor em\u00e9rito da Funda\u00e7\u00e3o Get\u00falio Vargas (<a href=\"https:\/\/www.canalrural.com.br\/tag\/fgv\/\">FGV<\/a>) Roberto Rodrigues, enviado especial do setor agropecu\u00e1rio para a COP30, destaca que o Plano Clima atribuiu responsabilidades indevidas ao agro.<\/p>\n<figure class=\"wp-block-embed is-type-video is-provider-youtube wp-block-embed-youtube wp-embed-aspect-16-9 wp-has-aspect-ratio\">\n<p>\n<iframe title=\"COP 30: entenda a participa\u00e7\u00e3o do agro no Plano Clima\" width=\"800\" height=\"450\" src=\"https:\/\/www.youtube.com\/embed\/iFj_0fWfppU?feature=oembed\" frameborder=\"0\" allow=\"accelerometer; autoplay; clipboard-write; encrypted-media; gyroscope; picture-in-picture; web-share\" referrerpolicy=\"strict-origin-when-cross-origin\" allowfullscreen><\/iframe><noscript><iframe title=\"COP 30: entenda a participa\u00e7\u00e3o do agro no Plano Clima\" width=\"800\" height=\"450\" src=\"https:\/\/www.youtube.com\/embed\/iFj_0fWfppU?feature=oembed\" frameborder=\"0\" allow=\"accelerometer; autoplay; clipboard-write; encrypted-media; gyroscope; picture-in-picture; web-share\" referrerpolicy=\"strict-origin-when-cross-origin\" allowfullscreen><\/iframe><\/noscript>\n<\/p>\n<\/figure>\n<p>\u201cQuando h\u00e1 desmatamento ilegal ou invas\u00e3o de terras, isso n\u00e3o \u00e9 do agro. Ent\u00e3o o agro estava recebendo responsabilidades que n\u00e3o s\u00e3o dele. N\u00f3s achamos ruim, n\u00e3o era justo, n\u00e3o era adequado. O governo est\u00e1 revendo essa discuss\u00e3o para trazer um Plano Clima mais honesto, mais justo e consistente com as obriga\u00e7\u00f5es que o Brasil j\u00e1 cumpre\u201d, explica. <\/p>\n<p>Segundo Rodrigues, o agro j\u00e1 realiza importantes a\u00e7\u00f5es de redu\u00e7\u00e3o de emiss\u00f5es, como agricultura sustent\u00e1vel, pecu\u00e1ria de corte com manejo integrado e florestas plantadas. <\/p>\n<p>\u201cEstamos promovendo agricultura regenerativa, integra\u00e7\u00e3o pecu\u00e1ria-floresta e outros sistemas que contribuem efetivamente para a redu\u00e7\u00e3o de emiss\u00f5es\u201d, acrescenta.<\/p>\n<figure class=\"wp-block-image size-full\"><img fetchpriority=\"high\" decoding=\"async\" width=\"768\" height=\"537\" alt=\"Plano Clima\" class=\"wp-image-4125450\"  data-lazy- src=\"https:\/\/agromt.news\/wp-content\/uploads\/2025\/09\/Desmatamento-ilegal-e-invasao-de-terras-nao-sao-culpa-do.jpeg\"\/><img decoding=\"async\" width=\"768\" height=\"537\" src=\"https:\/\/agromt.news\/wp-content\/uploads\/2025\/09\/Desmatamento-ilegal-e-invasao-de-terras-nao-sao-culpa-do.jpeg\" alt=\"Plano Clima\" class=\"wp-image-4125450\"  \/><figcaption class=\"wp-element-caption\">Foto: divulga\u00e7\u00e3o\/Minist\u00e9rio do Meio Ambiente e Mudan\u00e7a do Clima<\/figcaption><\/figure>\n<p>O especialista tamb\u00e9m criticou a falta de detalhamento sobre financiamento no Plano Clima. \u201cO texto do Plano Clima fala em finaciamento, mas fala de onde vem o recurso e de quanto ser\u00e1. Ent\u00e3o um pouco et\u00e9reo em termos de resultados para agricultura. Responsabiliza mas n\u00e3o traz vantagens para a agricultura que cumpre com suas obriga\u00e7\u00f5es\u201d, afirma.<\/p>\n<p>Rodrigues defende um plano mais equilibrado e transparente, reconhecendo o papel do agro no cumprimento das metas ambientais do pa\u00eds, sem sobrecarreg\u00e1-lo em rela\u00e7\u00e3o a outros setores, como energia e transporte.<\/p>\n<\/p><\/div>\n<p><br \/>\n<br \/><a href=\"https:\/\/www.canalrural.com.br\/agricultura\/agro-nao-pode-ser-responsabilizado-por-desmatamento-ilegal-diz-especialista-sobre-plano-clima\/\">Source link <\/a><\/p>\n","protected":false},"excerpt":{"rendered":"<p>Na COP30, o governo brasileiro apresentar\u00e1 o Plano Clima, documento que define medidas para reduzir emiss\u00f5es de gases de efeito<\/p>\n","protected":false},"author":1,"featured_media":21021,"comment_status":"open","ping_status":"open","sticky":false,"template":"","format":"standard","meta":{"_monsterinsights_skip_tracking":false,"_monsterinsights_sitenote_active":false,"_monsterinsights_sitenote_note":"","_monsterinsights_sitenote_category":0,"_uf_show_specific_survey":0,"_uf_disable_surveys":false,"footnotes":""},"categories":[1],"tags":[],"class_list":["post-21020","post","type-post","status-publish","format-standard","has-post-thumbnail","hentry","category-news"],"_links":{"self":[{"href":"https:\/\/agromt.news\/index.php?rest_route=\/wp\/v2\/posts\/21020"}],"collection":[{"href":"https:\/\/agromt.news\/index.php?rest_route=\/wp\/v2\/posts"}],"about":[{"href":"https:\/\/agromt.news\/index.php?rest_route=\/wp\/v2\/types\/post"}],"author":[{"embeddable":true,"href":"https:\/\/agromt.news\/index.php?rest_route=\/wp\/v2\/users\/1"}],"replies":[{"embeddable":true,"href":"https:\/\/agromt.news\/index.php?rest_route=%2Fwp%2Fv2%2Fcomments&post=21020"}],"version-history":[{"count":0,"href":"https:\/\/agromt.news\/index.php?rest_route=\/wp\/v2\/posts\/21020\/revisions"}],"wp:featuredmedia":[{"embeddable":true,"href":"https:\/\/agromt.news\/index.php?rest_route=\/wp\/v2\/media\/21021"}],"wp:attachment":[{"href":"https:\/\/agromt.news\/index.php?rest_route=%2Fwp%2Fv2%2Fmedia&parent=21020"}],"wp:term":[{"taxonomy":"category","embeddable":true,"href":"https:\/\/agromt.news\/index.php?rest_route=%2Fwp%2Fv2%2Fcategories&post=21020"},{"taxonomy":"post_tag","embeddable":true,"href":"https:\/\/agromt.news\/index.php?rest_route=%2Fwp%2Fv2%2Ftags&post=21020"}],"curies":[{"name":"wp","href":"https:\/\/api.w.org\/{rel}","templated":true}]}}