{"id":20996,"date":"2025-09-27T19:38:35","date_gmt":"2025-09-27T23:38:35","guid":{"rendered":"https:\/\/agromt.news\/?p=20996"},"modified":"2025-09-27T19:38:35","modified_gmt":"2025-09-27T23:38:35","slug":"justica-garante-folego-financeiro-a-produtores-rurais","status":"publish","type":"post","link":"https:\/\/agromt.news\/?p=20996","title":{"rendered":"Justi\u00e7a garante f\u00f4lego financeiro a produtores rurais"},"content":{"rendered":"<p> <br \/>\n<\/p>\n<div>\n<p>A 2\u00aa Vara C\u00edvel de Jata\u00ed (GO) autorizou o processamento de uma Recupera\u00e7\u00e3o Judicial no valor de R$ 29,1 milh\u00f5es para um grupo de produtores rurais da regi\u00e3o. A medida, conduzida pelo escrit\u00f3rio Amaral e Melo Advogados, chega em meio \u00e0 crise do agroneg\u00f3cio, marcada por quebras de safra, queda nos pre\u00e7os das commodities e custos de produ\u00e7\u00e3o elevados.<br \/>&#13;<br \/>\nJusti\u00e7a garante f\u00f4lego financeiro a produtores rurais.<\/p>\n<p>Com a decis\u00e3o, ficam suspensas por 180 dias todas as a\u00e7\u00f5es e execu\u00e7\u00f5es contra os produtores, que ter\u00e3o tempo para reorganizar as finan\u00e7as e negociar com credores. O juiz tamb\u00e9m reconheceu a consolida\u00e7\u00e3o substancial do grupo familiar, permitindo o tratamento conjunto de d\u00edvidas e bens, o que simplifica o processo.&#13;\n<\/p>\n<p>Segundo o advogado Her\u00e1clito Higor No\u00e9, respons\u00e1vel pela condu\u00e7\u00e3o t\u00e9cnica do caso, o deferimento demonstra a seguran\u00e7a jur\u00eddica do setor. J\u00e1 o s\u00f3cio-fundador do escrit\u00f3rio, Leandro Amaral, destacou que a decis\u00e3o reconhece a gravidade da crise setorial e refor\u00e7a a legitimidade da Recupera\u00e7\u00e3o Judicial como ferramenta de preserva\u00e7\u00e3o da atividade produtiva e dos empregos.<\/p>\n<p>\u201cDo ponto de vista t\u00e9cnico, o grande sucesso foi demonstrar, com base na documenta\u00e7\u00e3o e na legisla\u00e7\u00e3o (C\u00f3digo Civil, art. 971), que o Grupo Familiar de Produtores Rurais preenche os requisitos legais necess\u00e1rios para o deferimento da recupera\u00e7\u00e3o. Demonstramos as causas da crise, a viabilidade do neg\u00f3cio e fizemos valer o esp\u00edrito da lei, que \u00e9 o de proteger a atividade produtiva vi\u00e1vel. A decis\u00e3o refor\u00e7a a seguran\u00e7a jur\u00eddica para todo o setor&#8221;, destaca.&#13;\n<\/p>\n<p>\u201cO Judici\u00e1rio reconheceu que estamos diante de uma crise setorial grave, e n\u00e3o de um caso isolado de m\u00e1 administra\u00e7\u00e3o. A Recupera\u00e7\u00e3o Judicial n\u00e3o trata-se de um \u2018calote\u2019, mas de um instrumento leg\u00edtimo para dar ao produtor rural uma chance vi\u00e1vel de honrar seus compromissos de forma organizada, preservando a produ\u00e7\u00e3o, os empregos e sua fun\u00e7\u00e3o social\u201d, pontua.<br \/>&#13;<br \/>\n\u00a0<\/p>\n<\/p><\/div>\n<p><script data-cfasync=\"false\">\n    !function (f, b, e, v, n, t, s) {\n        if (f.fbq) return; n = f.fbq = function () {\n            n.callMethod ?\n                n.callMethod.apply(n, arguments) : n.queue.push(arguments)\n        };\n        if (!f._fbq) f._fbq = n; n.push = n; n.loaded = !0; n.version = '2.0';\n        n.queue = []; t = b.createElement(e); t.async = !0;\n        t.src = v; s = b.getElementsByTagName(e)[0];\n        s.parentNode.insertBefore(t, s)\n    }(window, document, 'script',\n        'https:\/\/connect.facebook.net\/en_US\/fbevents.js');\n    fbq('init', '522546078623747');\n    fbq('track', 'PageView');\n<\/script><br \/>\n<br \/><br \/>\n<br \/><a href=\"https:\/\/www.agrolink.com.br\/noticias\/justica-garante-folego-financeiro-a-produtores-rurais_506386.html\">Source link <\/a><\/p>\n","protected":false},"excerpt":{"rendered":"<p>A 2\u00aa Vara C\u00edvel de Jata\u00ed (GO) autorizou o processamento de uma Recupera\u00e7\u00e3o Judicial no valor de R$ 29,1 milh\u00f5es<\/p>\n","protected":false},"author":1,"featured_media":10547,"comment_status":"open","ping_status":"open","sticky":false,"template":"","format":"standard","meta":{"_monsterinsights_skip_tracking":false,"_monsterinsights_sitenote_active":false,"_monsterinsights_sitenote_note":"","_monsterinsights_sitenote_category":0,"_uf_show_specific_survey":0,"_uf_disable_surveys":false,"footnotes":""},"categories":[8,1,14],"tags":[],"class_list":["post-20996","post","type-post","status-publish","format-standard","has-post-thumbnail","hentry","category-agro","category-news","category-politica-agro"],"_links":{"self":[{"href":"https:\/\/agromt.news\/index.php?rest_route=\/wp\/v2\/posts\/20996"}],"collection":[{"href":"https:\/\/agromt.news\/index.php?rest_route=\/wp\/v2\/posts"}],"about":[{"href":"https:\/\/agromt.news\/index.php?rest_route=\/wp\/v2\/types\/post"}],"author":[{"embeddable":true,"href":"https:\/\/agromt.news\/index.php?rest_route=\/wp\/v2\/users\/1"}],"replies":[{"embeddable":true,"href":"https:\/\/agromt.news\/index.php?rest_route=%2Fwp%2Fv2%2Fcomments&post=20996"}],"version-history":[{"count":0,"href":"https:\/\/agromt.news\/index.php?rest_route=\/wp\/v2\/posts\/20996\/revisions"}],"wp:featuredmedia":[{"embeddable":true,"href":"https:\/\/agromt.news\/index.php?rest_route=\/wp\/v2\/media\/10547"}],"wp:attachment":[{"href":"https:\/\/agromt.news\/index.php?rest_route=%2Fwp%2Fv2%2Fmedia&parent=20996"}],"wp:term":[{"taxonomy":"category","embeddable":true,"href":"https:\/\/agromt.news\/index.php?rest_route=%2Fwp%2Fv2%2Fcategories&post=20996"},{"taxonomy":"post_tag","embeddable":true,"href":"https:\/\/agromt.news\/index.php?rest_route=%2Fwp%2Fv2%2Ftags&post=20996"}],"curies":[{"name":"wp","href":"https:\/\/api.w.org\/{rel}","templated":true}]}}