{"id":20988,"date":"2025-09-27T18:35:08","date_gmt":"2025-09-27T22:35:08","guid":{"rendered":"https:\/\/agromt.news\/?p=20988"},"modified":"2025-09-27T18:35:08","modified_gmt":"2025-09-27T22:35:08","slug":"arroba-do-boi-deve-continuar-em-queda-e-atacado-tende-a-reagir","status":"publish","type":"post","link":"https:\/\/agromt.news\/?p=20988","title":{"rendered":"Arroba do boi deve continuar em queda e atacado tende a reagir"},"content":{"rendered":"<p> <br \/>\n<\/p>\n<div>\n<p>O mercado brasileiro de boi gordo registrou uma semana de pre\u00e7os mais baixos para a arroba em grande parte das pra\u00e7as de comercializa\u00e7\u00e3o.<\/p>\n<p>De acordo com o analista de Safras &amp; Mercado Fernando Iglesias, os frigor\u00edficos, em especial os de maior porte, ainda desfrutam de conforto em suas escalas de abate (fechadas entre oito e nove dias \u00fateis na m\u00e9dia nacional). <\/p>\n<p>\u201cA entrada de oferta de animais de parceria (via contratos a termo) no mercado segue ativa, fator que ajuda a entender esse movimento\u201d, justifica.<\/p>\n<p>Iglesias acrescenta que as exporta\u00e7\u00f5es ainda s\u00e3o o principal ponto de suporte, com embarques bastante representativos em 2025.<\/p>\n<h2 class=\"wp-block-heading\" id=\"h-variacao-de-preco-da-arroba-do-boi\">Varia\u00e7\u00e3o de pre\u00e7o da arroba do boi<\/h2>\n<pre class=\"wp-block-code\"><code>Os pre\u00e7os da arroba do boi gordo na modalidade a prazo nas principais pra\u00e7as de comercializa\u00e7\u00e3o do Brasil estavam assim no dia 25 de setembro:<\/code><\/pre>\n<ul class=\"wp-block-list\">\n<li><strong>S\u00e3o Paulo (Capital):<\/strong> R$ 300, queda de 1,64% frente aos R$ 305 da semana passada<\/li>\n<li><strong>Goi\u00e1s (Goi\u00e2nia):<\/strong> R$ 285, baixa de 1,72% frente aos R$ 290 registrados no final da \u00faltima semana<\/li>\n<li><strong>Minas Gerais (Uberaba):<\/strong> R$ 285, recuo de 1,72% frente aos R$ 290 indicados no per\u00edodo anterior<\/li>\n<li><strong>Mato Grosso do Sul (Dourados):<\/strong> R$ 325, alta de 0,62% frente aos R$ 323 praticados na semana passada<\/li>\n<li><strong>Mato Grosso (Cuiab\u00e1):<\/strong> R$ 295, retra\u00e7\u00e3o de 1,67% frente ao pre\u00e7o registrado anteriormente, de R$ 300<\/li>\n<li><strong>Rond\u00f4nia (Vilhena):<\/strong> R$ 280, decl\u00ednio de 1,75% frente aos R$ 285 praticados na semana anterior<\/li>\n<\/ul>\n<h2 class=\"wp-block-heading\" id=\"h-mercado-atacadista\">Mercado atacadista<\/h2>\n<p>Iglesias comenta que o mercado atacadista registrou uma semana de baixa nas cota\u00e7\u00f5es, em meio \u00e0 reposi\u00e7\u00e3o mais lenta entre o atacado e o varejo. Ele ressalta que, para a primeira quinzena de setembro, \u00e9 aguardada uma melhora nos pre\u00e7os, considerando a entrada dos sal\u00e1rios na economia. <\/p>\n<p>\u201cVale destacar que a carne de frango ainda disp\u00f5e de maior competitividade frente \u00e0s prote\u00ednas concorrentes, em especial se comparado \u00e0 carne bovina\u201d, comenta.<\/p>\n<pre class=\"wp-block-code\"><code>O quarto do traseiro do boi foi cotado a R$ 23,35 o quilo, baixa de 3,11% frente aos R$ 24,10 praticado na \u00faltima semana. J\u00e1 o quarto dianteiro foi vendido por R$ 17,50 o quilo, recuo de 2,78% frente ao valor registrado no fechamento da semana anterior, de R$ 18,00 o quilo.<\/code><\/pre>\n<h2 class=\"wp-block-heading\" id=\"h-exportacoes-de-carne-bovina\">Exporta\u00e7\u00f5es de carne bovina<\/h2>\n<figure class=\"wp-block-image size-full\"><img fetchpriority=\"high\" decoding=\"async\" width=\"768\" height=\"467\" src=\"https:\/\/agromt.news\/wp-content\/uploads\/2025\/08\/Filipinas-libera-exportacao-de-carne-bovina-com-osso-e-miudos.png\" alt=\"carne bovina com ossos\" class=\"wp-image-4117193\"  \/><figcaption class=\"wp-element-caption\">Minist\u00e9rio da Agricultura e Pecu\u00e1ria<\/figcaption><\/figure>\n<p>As exporta\u00e7\u00f5es de carne bovina fresca, congelada ou refrigerada do Brasil renderam US$ 1,179 bilh\u00e3o em setembro (15 dias \u00fateis), com m\u00e9dia di\u00e1ria de US$ 78,633 milh\u00f5es, de acordo com a Secretaria de Com\u00e9rcio Exterior <strong><a href=\"https:\/\/www.canalrural.com.br\/tag\/secex\/\">(Secex)<\/a><\/strong>. <\/p>\n<p>A quantidade total exportada pelo pa\u00eds chegou a 209,645 mil toneladas, com m\u00e9dia di\u00e1ria de 13,976 mil toneladas. O pre\u00e7o m\u00e9dio da tonelada ficou em US$ 5.626,20.<\/p>\n<p>Em rela\u00e7\u00e3o a setembro de 2024, houve alta de 45,4% no valor m\u00e9dio di\u00e1rio da exporta\u00e7\u00e3o, ganho de 16,6% na quantidade m\u00e9dia di\u00e1ria exportada e avan\u00e7o de 24,6% no pre\u00e7o m\u00e9dio. <\/p>\n<\/p><\/div>\n<p><br \/>\n<br \/><a href=\"https:\/\/www.canalrural.com.br\/pecuaria\/arroba-do-boi-deve-continuar-em-queda-e-atacado-tende-a-reagir\/\">Source link <\/a><\/p>\n","protected":false},"excerpt":{"rendered":"<p>O mercado brasileiro de boi gordo registrou uma semana de pre\u00e7os mais baixos para a arroba em grande parte das<\/p>\n","protected":false},"author":1,"featured_media":13617,"comment_status":"open","ping_status":"open","sticky":false,"template":"","format":"standard","meta":{"_monsterinsights_skip_tracking":false,"_monsterinsights_sitenote_active":false,"_monsterinsights_sitenote_note":"","_monsterinsights_sitenote_category":0,"_uf_show_specific_survey":0,"_uf_disable_surveys":false,"footnotes":""},"categories":[1],"tags":[],"class_list":["post-20988","post","type-post","status-publish","format-standard","has-post-thumbnail","hentry","category-news"],"_links":{"self":[{"href":"https:\/\/agromt.news\/index.php?rest_route=\/wp\/v2\/posts\/20988"}],"collection":[{"href":"https:\/\/agromt.news\/index.php?rest_route=\/wp\/v2\/posts"}],"about":[{"href":"https:\/\/agromt.news\/index.php?rest_route=\/wp\/v2\/types\/post"}],"author":[{"embeddable":true,"href":"https:\/\/agromt.news\/index.php?rest_route=\/wp\/v2\/users\/1"}],"replies":[{"embeddable":true,"href":"https:\/\/agromt.news\/index.php?rest_route=%2Fwp%2Fv2%2Fcomments&post=20988"}],"version-history":[{"count":0,"href":"https:\/\/agromt.news\/index.php?rest_route=\/wp\/v2\/posts\/20988\/revisions"}],"wp:featuredmedia":[{"embeddable":true,"href":"https:\/\/agromt.news\/index.php?rest_route=\/wp\/v2\/media\/13617"}],"wp:attachment":[{"href":"https:\/\/agromt.news\/index.php?rest_route=%2Fwp%2Fv2%2Fmedia&parent=20988"}],"wp:term":[{"taxonomy":"category","embeddable":true,"href":"https:\/\/agromt.news\/index.php?rest_route=%2Fwp%2Fv2%2Fcategories&post=20988"},{"taxonomy":"post_tag","embeddable":true,"href":"https:\/\/agromt.news\/index.php?rest_route=%2Fwp%2Fv2%2Ftags&post=20988"}],"curies":[{"name":"wp","href":"https:\/\/api.w.org\/{rel}","templated":true}]}}