{"id":20982,"date":"2025-09-27T17:33:34","date_gmt":"2025-09-27T21:33:34","guid":{"rendered":"https:\/\/agromt.news\/?p=20982"},"modified":"2025-09-27T17:33:34","modified_gmt":"2025-09-27T21:33:34","slug":"embrapa-realiza-primeiro-simposio-sobre-agricultura-espacial","status":"publish","type":"post","link":"https:\/\/agromt.news\/?p=20982","title":{"rendered":"Embrapa realiza primeiro simp\u00f3sio sobre agricultura espacial"},"content":{"rendered":"<p> <br \/>\n<br \/><img decoding=\"async\" src=\"https:\/\/agromt.news\/wp-content\/uploads\/2025\/09\/Embrapa-realiza-primeiro-simposio-sobre-agricultura-espacial.jpg\" \/><\/p>\n<div>\n<p>O 1\u00ba Simp\u00f3sio Internacional em Agricultura Espacial (Siae) ser\u00e1 realizado de 14 a 16 de outubro, em S\u00e3o Jos\u00e9 dos Campos, <a href=\"https:\/\/www.canalrural.com.br\/tag\/sao-paulo\/\">S\u00e3o Paulo<\/a>. O evento busca fortalecer a economia espacial e ampliar o conhecimento cient\u00edfico e tecnol\u00f3gico na \u00e1rea, com o objetivo de tornar a agricultura espacial uma realidade no Brasil.<\/p>\n<p>O evento \u00e9 uma oportunidade para debater com personalidades cient\u00edficas internacionais e cientistas das institui\u00e7\u00f5es brasileiras que comp\u00f5em a Rede Space Farming Brazil, com suporte da Ag\u00eancia Espacial Brasileira (AEB) e lideran\u00e7a da Embrapa. <\/p>\n<p>Ele integra o projeto \u201cAgricultura Espacial: da Terra para o Espa\u00e7o e do Espa\u00e7o para a Terra\u201d, liderado pela pesquisadora Alessandra Pereira Favero, da Embrapa Pecu\u00e1ria Sudeste.<\/p>\n<p>O simp\u00f3sio ser\u00e1 o primeiro evento brasileiro a abordar a tem\u00e1tica e reunir\u00e1 especialistas, pesquisadores e institui\u00e7\u00f5es das \u00e1reas espacial, agr\u00edcola e afins para discutir e compartilhar conhecimentos sobre o desenvolvimento de t\u00e9cnicas e tecnologias relacionadas \u00e0 agricultura espacial.<\/p>\n<p>O simp\u00f3sio prev\u00ea\u00a0tr\u00eas dias\u00a0de pain\u00e9is, palestras e debates para promover a troca de experi\u00eancias e fomentar a colabora\u00e7\u00e3o entre atores envolvidos nesse campo com participa\u00e7\u00e3o ativa da comunidade cient\u00edfica nacional e internacional.<\/p>\n<p>A programa\u00e7\u00e3o conta ainda com eventos paralelos, como cinema ao ar livre com a presen\u00e7a do pesquisador aposentado da <a href=\"https:\/\/www.canalrural.com.br\/tag\/nasa\/\">Nasa<\/a>, James Green, que foi consultor do roteiro do filme \u201cPerdidos em Marte\u201d; al\u00e9m de visitas a institui\u00e7\u00f5es ligadas ao setor aeroespacial brasileiro. <\/p>\n<p>O pesquisador da Embrapa Agroenergia, Maur\u00edcio Lopes, destacou a relev\u00e2ncia do tema para o futuro da agricultura e para a inova\u00e7\u00e3o cient\u00edfica brasileira.<\/p>\n<p>\u201cO tema tem import\u00e2ncia para a Embrapa e para o pa\u00eds, sobretudo ap\u00f3s a ades\u00e3o formal do Brasil ao programa Artemis, liderado pela Nasa, que prev\u00ea o retorno do ser humano \u00e0 Lua e futuras miss\u00f5es a Marte\u201d, explica.<\/p>\n<p>\u201cAmbientes espaciais extremos imp\u00f5em restri\u00e7\u00f5es semelhantes \u00e0s enfrentadas no cintur\u00e3o tropical e em regi\u00f5es vulner\u00e1veis do planeta, tornando a agricultura espacial um campo promissor para desenvolver tecnologias resilientes, adaptadas e sustent\u00e1veis\u201d, conta.<\/p>\n<p>A participa\u00e7\u00e3o no projeto tamb\u00e9m potencializa novas parcerias institucionais, aproxima a Unidade dos setores aeroespacial, de tecnologia e defesa, e contribui para a diversifica\u00e7\u00e3o de portf\u00f3lio e fontes de financiamento voltadas \u00e0 bioeconomia e \u00e0 economia do espa\u00e7o no futuro.<\/p>\n<p><strong>Servi\u00e7os<\/strong><\/p>\n<p><strong>Data:<\/strong> 14 a 16 de outubro<\/p>\n<p><strong>Local:<\/strong> Parque de Inova\u00e7\u00e3o Tecnol\u00f3gica S\u00e3o Jos\u00e9 dos Campos (PIT)<\/p>\n<p><strong>Inscri\u00e7\u00f5es:<\/strong> <a href=\"https:\/\/lnkd.in\/dmyjtNfi\">clique aqui para se inscrever<\/a><\/p>\n<\/p><\/div>\n<p><br \/>\n<br \/><a href=\"https:\/\/www.canalrural.com.br\/agricultura\/embrapa-realiza-primeiro-simposio-sobre-agricultura-espacial\/\">Source link <\/a><\/p>\n","protected":false},"excerpt":{"rendered":"<p>O 1\u00ba Simp\u00f3sio Internacional em Agricultura Espacial (Siae) ser\u00e1 realizado de 14 a 16 de outubro, em S\u00e3o Jos\u00e9 dos<\/p>\n","protected":false},"author":1,"featured_media":20983,"comment_status":"open","ping_status":"open","sticky":false,"template":"","format":"standard","meta":{"_monsterinsights_skip_tracking":false,"_monsterinsights_sitenote_active":false,"_monsterinsights_sitenote_note":"","_monsterinsights_sitenote_category":0,"_uf_show_specific_survey":0,"_uf_disable_surveys":false,"footnotes":""},"categories":[1],"tags":[],"class_list":["post-20982","post","type-post","status-publish","format-standard","has-post-thumbnail","hentry","category-news"],"_links":{"self":[{"href":"https:\/\/agromt.news\/index.php?rest_route=\/wp\/v2\/posts\/20982"}],"collection":[{"href":"https:\/\/agromt.news\/index.php?rest_route=\/wp\/v2\/posts"}],"about":[{"href":"https:\/\/agromt.news\/index.php?rest_route=\/wp\/v2\/types\/post"}],"author":[{"embeddable":true,"href":"https:\/\/agromt.news\/index.php?rest_route=\/wp\/v2\/users\/1"}],"replies":[{"embeddable":true,"href":"https:\/\/agromt.news\/index.php?rest_route=%2Fwp%2Fv2%2Fcomments&post=20982"}],"version-history":[{"count":0,"href":"https:\/\/agromt.news\/index.php?rest_route=\/wp\/v2\/posts\/20982\/revisions"}],"wp:featuredmedia":[{"embeddable":true,"href":"https:\/\/agromt.news\/index.php?rest_route=\/wp\/v2\/media\/20983"}],"wp:attachment":[{"href":"https:\/\/agromt.news\/index.php?rest_route=%2Fwp%2Fv2%2Fmedia&parent=20982"}],"wp:term":[{"taxonomy":"category","embeddable":true,"href":"https:\/\/agromt.news\/index.php?rest_route=%2Fwp%2Fv2%2Fcategories&post=20982"},{"taxonomy":"post_tag","embeddable":true,"href":"https:\/\/agromt.news\/index.php?rest_route=%2Fwp%2Fv2%2Ftags&post=20982"}],"curies":[{"name":"wp","href":"https:\/\/api.w.org\/{rel}","templated":true}]}}