{"id":20981,"date":"2025-09-27T17:18:12","date_gmt":"2025-09-27T21:18:12","guid":{"rendered":"https:\/\/agromt.news\/?p=20981"},"modified":"2025-09-27T17:18:12","modified_gmt":"2025-09-27T21:18:12","slug":"frente-fria-associada-a-ciclone-avanca-trazendo-mais-chuvas-veja-previsao-do-tempo","status":"publish","type":"post","link":"https:\/\/agromt.news\/?p=20981","title":{"rendered":"Frente fria associada a ciclone avan\u00e7a trazendo mais chuvas; veja previs\u00e3o do tempo"},"content":{"rendered":"<p> <br \/>\n<br \/><img decoding=\"async\" src=\"https:\/\/agromt.news\/wp-content\/uploads\/2024\/09\/chuvas-rapidas-frente-fria-previsao-do-tempo.jpg\" \/><\/p>\n<div>\n<p>A frente fria associada a um ciclone extratropical permanecem provocando chuvas na regi\u00e3o Sul. Pancadas tamb\u00e9m devem ser registradas nas demais regi\u00f5es do pa\u00eds. Confira como ficam as condi\u00e7\u00f5es do tempo em todo o Brasil neste domingo (28), de acordo com a an\u00e1lise da <strong><a href=\"https:\/\/www.canalrural.com.br\/autor\/climatempo\/\">Climatempo<\/a><\/strong>.<\/p>\n<h2 class=\"wp-block-heading\" id=\"h-sul\">Sul<\/h2>\n<p>A frente fria associada a um ciclone extratropical avan\u00e7a pelo <strong><a href=\"https:\/\/www.canalrural.com.br\/nacional\/rio-grande-do-sul\/\">Rio Grande do Sul<\/a><\/strong>, provocando chuvas no norte, centro, litoral e  faixa norte do estado. As pancadas tamb\u00e9m atingem Santa Catarina e a maior parte do Paran\u00e1, alcan\u00e7ando inclusive o litoral. <\/p>\n<p>At\u00e9 \u00e0 noite, as pancadas de chuva diminuem, ficando mais concentradas nas \u00e1reas do litoral de Santa Catarina e do Paran\u00e1.<\/p>\n<p>A nebulosidade aumenta no centro-norte ga\u00facho e dos demais estados. J\u00e1 nas \u00e1reas mais ao sul do Rio Grande do Sul o tempo tende a permanecer mais firme. <\/p>\n<p>\u00c0 tarde, as temperaturas n\u00e3o sobem muito, principalmente nas serras Catarinense e Ga\u00facha.<\/p>\n<h2 class=\"wp-block-heading\" id=\"h-sudeste\">Sudeste<\/h2>\n<p>A previs\u00e3o do tempo indica que algumas pancadas de chuva podem ocorrer de forma isolada no sul, oeste e interior de S\u00e3o Paulo. Isso ocorre devido \u00e0 presen\u00e7a de um cavado meteorol\u00f3gico em n\u00edveis m\u00e9dios da atmosfera. <\/p>\n<p>A nebulosidade aumenta no territ\u00f3rio paulista, enquanto nas demais regi\u00f5es o sol aparece entre nuvens. <\/p>\n<p>No norte de Minas Gerais, o calor predomina. As temperaturas ficam mais elevadas tamb\u00e9m no oeste de S\u00e3o Paulo, centro-norte paulista e centro-oeste de Minas.<\/p>\n<h2 class=\"wp-block-heading\" id=\"h-centro-oeste\">Centro-Oeste<\/h2>\n<p>Pancadas de chuva atingem o sul, sudoeste e oeste de Mato Grosso do Sul, al\u00e9m do centro-norte e oeste de Mato Grosso, com risco de temporais. <\/p>\n<p>A nebulosidade aumenta e as temperaturas seguem elevadas na regi\u00e3o. A previs\u00e3o do tempo mostra que no extremo sul do Mato Grosso do Sul a temperatura fica mais amenas em rela\u00e7\u00e3o \u00e0s demais \u00e1reas. A qualidade do ar melhora no sul e oeste do estado.<\/p>\n<h2 class=\"wp-block-heading\" id=\"h-nordeste\">Nordeste<\/h2>\n<p>As condi\u00e7\u00f5es de chuva se mant\u00eam no litoral norte da Bahia e em Pernambuco, incluindo ainda o noroeste do Maranh\u00e3o. <\/p>\n<p>O padr\u00e3o de nebulosidade permanece e as temperaturas continuam elevadas em grande parte da regi\u00e3o. Al\u00e9m disso, a umidade relativa do ar segue baixa no interior da regi\u00e3o.<\/p>\n<h2 class=\"wp-block-heading\" id=\"h-norte\">Norte<\/h2>\n<p>A chuva se concentra mais na faixa oeste da regi\u00e3o, abrangendo Amazonas, Roraima, Rond\u00f4nia, Acre e o centro-sul do Par\u00e1. A nebulosidade aumenta nessas \u00e1reas.<\/p>\n<p>Por outro lado, nas demais regi\u00f5es o sol aparece entre nuvens, e o calor predomina.<\/p>\n<div data-icp-cta=\"1\" id=\"icp-cta-unique\">Voc\u00ea quer entender como usar o clima a seu favor?<b> <\/b><a href=\"https:\/\/climacampo.canalrural.com.br\/climacampo_-01\">Preparamos um e-book exclusivo<\/a> para ajudar produtores rurais a se antecipar \u00e0s mudan\u00e7as do tempo e planejar melhor suas a\u00e7\u00f5es. Com base em previs\u00f5es meteorol\u00f3gicas confi\u00e1veis, ele oferece orienta\u00e7\u00f5es pr\u00e1ticas para proteger sua lavoura e otimizar seus resultados.<\/div>\n<\/div>\n<p><br \/>\n<br \/><a href=\"https:\/\/www.canalrural.com.br\/diversos\/frente-fria-associada-a-ciclone-avanca-trazendo-mais-chuvas-veja-previsao-do-tempo\/\">Source link <\/a><\/p>\n","protected":false},"excerpt":{"rendered":"<p>A frente fria associada a um ciclone extratropical permanecem provocando chuvas na regi\u00e3o Sul. Pancadas tamb\u00e9m devem ser registradas nas<\/p>\n","protected":false},"author":1,"featured_media":1841,"comment_status":"open","ping_status":"open","sticky":false,"template":"","format":"standard","meta":{"_monsterinsights_skip_tracking":false,"_monsterinsights_sitenote_active":false,"_monsterinsights_sitenote_note":"","_monsterinsights_sitenote_category":0,"_uf_show_specific_survey":0,"_uf_disable_surveys":false,"footnotes":""},"categories":[1],"tags":[],"class_list":["post-20981","post","type-post","status-publish","format-standard","has-post-thumbnail","hentry","category-news"],"_links":{"self":[{"href":"https:\/\/agromt.news\/index.php?rest_route=\/wp\/v2\/posts\/20981"}],"collection":[{"href":"https:\/\/agromt.news\/index.php?rest_route=\/wp\/v2\/posts"}],"about":[{"href":"https:\/\/agromt.news\/index.php?rest_route=\/wp\/v2\/types\/post"}],"author":[{"embeddable":true,"href":"https:\/\/agromt.news\/index.php?rest_route=\/wp\/v2\/users\/1"}],"replies":[{"embeddable":true,"href":"https:\/\/agromt.news\/index.php?rest_route=%2Fwp%2Fv2%2Fcomments&post=20981"}],"version-history":[{"count":0,"href":"https:\/\/agromt.news\/index.php?rest_route=\/wp\/v2\/posts\/20981\/revisions"}],"wp:featuredmedia":[{"embeddable":true,"href":"https:\/\/agromt.news\/index.php?rest_route=\/wp\/v2\/media\/1841"}],"wp:attachment":[{"href":"https:\/\/agromt.news\/index.php?rest_route=%2Fwp%2Fv2%2Fmedia&parent=20981"}],"wp:term":[{"taxonomy":"category","embeddable":true,"href":"https:\/\/agromt.news\/index.php?rest_route=%2Fwp%2Fv2%2Fcategories&post=20981"},{"taxonomy":"post_tag","embeddable":true,"href":"https:\/\/agromt.news\/index.php?rest_route=%2Fwp%2Fv2%2Ftags&post=20981"}],"curies":[{"name":"wp","href":"https:\/\/api.w.org\/{rel}","templated":true}]}}