{"id":20975,"date":"2025-09-27T13:49:18","date_gmt":"2025-09-27T17:49:18","guid":{"rendered":"https:\/\/agromt.news\/?p=20975"},"modified":"2025-09-27T13:49:18","modified_gmt":"2025-09-27T17:49:18","slug":"portaria-da-adapar-estabelece-vacinacao-de-herbivoros-contra-raiva-em-30-cidades-do-oeste","status":"publish","type":"post","link":"https:\/\/agromt.news\/?p=20975","title":{"rendered":"Portaria da Adapar estabelece vacina\u00e7\u00e3o de herb\u00edvoros contra raiva em 30 cidades do Oeste"},"content":{"rendered":"<p> <br \/>\n<\/p>\n<div>\n<p style=\"text-align:justify\">Medida foi oficializada em portaria da Adapar e abrange herb\u00edvoros dom\u00e9sticos com idade a partir de tr\u00eas meses, incluindo b\u00fafalos, bois, cavalos, asnos, mulas, ovelhas e cabras. Em 2024, o Paran\u00e1 confirmou 227 focos de raiva, sendo mais da metade nos escrit\u00f3rios regionais de Cascavel e Laranjeiras do Sul.&#13;\n<\/p>\n<p style=\"text-align:justify\">A vacina\u00e7\u00e3o contra a raiva passa a ser obrigat\u00f3ria em 30 munic\u00edpios do Oeste do Paran\u00e1 a partir desta quinta-feira (25). A medida, oficializada pela\u00a0portaria n\u00ba 368\/2025 \u00a0da Ag\u00eancia de Defesa Agropecu\u00e1ria do Paran\u00e1 (Adapar), abrange herb\u00edvoros dom\u00e9sticos com idade a partir de tr\u00eas meses, incluindo b\u00fafalos, bois, cavalos, asnos, mulas, ovelhas e cabras.<\/p>\n<p style=\"text-align:justify\">De acordo com o Departamento de Sa\u00fade Animal (Desa) da Adapar, a escolha dos munic\u00edpios considera fatores como a quantidade de focos registrados nos \u00faltimos anos, a proximidade com o Parque Nacional do Igua\u00e7u, a ocorr\u00eancia de \u00e1reas compartilhadas de transmiss\u00e3o e o elevado n\u00famero de pessoas que precisaram de tratamento ap\u00f3s contato com animais suspeitos.<\/p>\n<p style=\"text-align:justify\">Em 2024, o Paran\u00e1 confirmou 227 focos de raiva, sendo mais da metade nos escrit\u00f3rios regionais de Cascavel e Laranjeiras do Sul. At\u00e9 setembro de 2025, j\u00e1 foram contabilizados 166 focos em 41 munic\u00edpios. Do total de focos, 81 s\u00e3o da mesma regi\u00e3o.<\/p>\n<p style=\"text-align:justify\">\u201cA raiva \u00e9 uma zoonose que preocupa porque pode ser transmitida dos animais para as pessoas. A portaria estabelece o prazo de seis meses para que os rebanhos sejam vacinados, justamente como medida preventiva. \u00c9 sempre prefer\u00edvel vacinar e prevenir do que enfrentar depois os preju\u00edzos e riscos de um foco da doen\u00e7a\u201d, explica Otamir Cesar Martins, diretor-presidente da Adapar.<\/p>\n<p style=\"text-align:justify\">Para o chefe do Departamento de Sa\u00fade Animal (Desa) da Ag\u00eancia, Rafael Gon\u00e7alves Dias, a medida \u00e9 necess\u00e1ria diante dos focos registrados na regi\u00e3o Oeste nos \u00faltimos anos. \u201cTemos registros recorrentes da doen\u00e7a e \u00e1reas de dif\u00edcil controle do morcego hemat\u00f3fago, o que aumenta o risco para os rebanhos e para a sa\u00fade p\u00fablica. A vacina\u00e7\u00e3o \u00e9 a forma mais eficaz de proteger os animais e reduzir os impactos para produtores e comunidades\u201d refor\u00e7a.&#13;\n<\/p>\n<p style=\"text-align:justify\">Est\u00e3o na lista os munic\u00edpios de Boa Vista da Aparecida, Braganey, Campo Bonito, Capanema, Capit\u00e3o Le\u00f4nidas Marques, Cascavel, Catanduvas, C\u00e9u Azul, Diamante D\u2019Oeste, Foz do Igua\u00e7u, Guarania\u00e7u, Ibema, Itaipul\u00e2ndia, Lindoeste, Matel\u00e2ndia, Medianeira, Missal, Planalto, P\u00e9rola D\u2019Oeste, Quedas do Igua\u00e7u, Ramil\u00e2ndia, Realeza, Rio Bonito do Igua\u00e7u, Santa L\u00facia, Santa Tereza do Oeste, Santa Terezinha de Itaipu, S\u00e3o Miguel do Igua\u00e7u, Serran\u00f3polis do Igua\u00e7u, Tr\u00eas Barras do Paran\u00e1 e Vera Cruz do Oeste.<\/p>\n<p style=\"text-align:justify\">MOBILIZA\u00c7\u00c3O REGIONAL\u00a0\u2013 Neste momento em que a portaria estabelece a obrigatoriedade da vacina, a Adapar aproveita para intensificar a conscientiza\u00e7\u00e3o na regi\u00e3o. Entre os dias 29 de setembro e 2 de outubro (segunda a quinta-feira da pr\u00f3xima semana), Cascavel e munic\u00edpios vizinhos recebem o projeto \u201cAdapar Educa \u00e0 Campo \u2013 Enfrentamento Contra a Raiva dos Herb\u00edvoros\u201d, que mobiliza produtores, m\u00e9dicos veterin\u00e1rios estudantes e agentes p\u00fablicos.<\/p>\n<p style=\"text-align:justify\">A programa\u00e7\u00e3o prev\u00ea palestras em escolas, encontros com sindicatos, visitas t\u00e9cnicas a comunidades rurais e a\u00e7\u00f5es de orienta\u00e7\u00e3o direta aos produtores, com foco na biosseguridade e na vacina\u00e7\u00e3o dos rebanhos. Cerca de 40 servidores da Adapar se deslocar\u00e3o at\u00e9 a regi\u00e3o para fazer a mobiliza\u00e7\u00e3o.<\/p>\n<p style=\"text-align:justify\">\u201cO projeto busca conscientizar e engajar diferentes p\u00fablicos, n\u00e3o apenas os produtores rurais, mas tamb\u00e9m m\u00e9dicos veterin\u00e1rios, agentes de sa\u00fade, estudantes e demais profissionais ligados ao campo. A raiva dos herb\u00edvoros \u00e9 uma doen\u00e7a fatal, sem cura, e a informa\u00e7\u00e3o \u00e9 fundamental para que todos conhe\u00e7am as medidas de preven\u00e7\u00e3o e prote\u00e7\u00e3o dos rebanhos\u201d, destacou Elzira Pierre, chefe da Divis\u00e3o de Raiva dos Herb\u00edvoros e m\u00e9dica-veterin\u00e1ria da Adapar.&#13;\n<\/p>\n<p style=\"text-align:justify\">O encerramento ser\u00e1 no dia 2 de outubro, na sede da Associa\u00e7\u00e3o dos Munic\u00edpios do Oeste do Paran\u00e1 (Amop), em Cascavel, reunindo gestores e entidades parceiras para alinhar estrat\u00e9gias de combate \u00e0 doen\u00e7a e refor\u00e7ar a import\u00e2ncia da coopera\u00e7\u00e3o entre poder p\u00fablico e setor produtivo.<\/p>\n<p style=\"text-align:justify\">\u201cEsse \u00e9 um trabalho que envolve toda a sociedade do Oeste do Paran\u00e1. Estamos mobilizando parceiros na regi\u00e3o. Nosso objetivo \u00e9 chamar a aten\u00e7\u00e3o da sociedade e refor\u00e7ar a import\u00e2ncia da vacina\u00e7\u00e3o para conter a doen\u00e7a&#8221;, completa Elzira.<\/p>\n<\/p><\/div>\n<p><script data-cfasync=\"false\">\n    !function (f, b, e, v, n, t, s) {\n        if (f.fbq) return; n = f.fbq = function () {\n            n.callMethod ?\n                n.callMethod.apply(n, arguments) : n.queue.push(arguments)\n        };\n        if (!f._fbq) f._fbq = n; n.push = n; n.loaded = !0; n.version = '2.0';\n        n.queue = []; t = b.createElement(e); t.async = !0;\n        t.src = v; s = b.getElementsByTagName(e)[0];\n        s.parentNode.insertBefore(t, s)\n    }(window, document, 'script',\n        'https:\/\/connect.facebook.net\/en_US\/fbevents.js');\n    fbq('init', '522546078623747');\n    fbq('track', 'PageView');\n<\/script><br \/>\n<br \/><br \/>\n<br \/><a href=\"https:\/\/www.agrolink.com.br\/noticias\/portaria-da-adapar-estabelece-vacinacao-de-herbivoros-contra-raiva-em-30-cidades-do-oeste_506383.html\">Source link <\/a><\/p>\n","protected":false},"excerpt":{"rendered":"<p>Medida foi oficializada em portaria da Adapar e abrange herb\u00edvoros dom\u00e9sticos com idade a partir de tr\u00eas meses, incluindo b\u00fafalos,<\/p>\n","protected":false},"author":1,"featured_media":5867,"comment_status":"open","ping_status":"open","sticky":false,"template":"","format":"standard","meta":{"_monsterinsights_skip_tracking":false,"_monsterinsights_sitenote_active":false,"_monsterinsights_sitenote_note":"","_monsterinsights_sitenote_category":0,"_uf_show_specific_survey":0,"_uf_disable_surveys":false,"footnotes":""},"categories":[8,1,14],"tags":[],"class_list":["post-20975","post","type-post","status-publish","format-standard","has-post-thumbnail","hentry","category-agro","category-news","category-politica-agro"],"_links":{"self":[{"href":"https:\/\/agromt.news\/index.php?rest_route=\/wp\/v2\/posts\/20975"}],"collection":[{"href":"https:\/\/agromt.news\/index.php?rest_route=\/wp\/v2\/posts"}],"about":[{"href":"https:\/\/agromt.news\/index.php?rest_route=\/wp\/v2\/types\/post"}],"author":[{"embeddable":true,"href":"https:\/\/agromt.news\/index.php?rest_route=\/wp\/v2\/users\/1"}],"replies":[{"embeddable":true,"href":"https:\/\/agromt.news\/index.php?rest_route=%2Fwp%2Fv2%2Fcomments&post=20975"}],"version-history":[{"count":0,"href":"https:\/\/agromt.news\/index.php?rest_route=\/wp\/v2\/posts\/20975\/revisions"}],"wp:featuredmedia":[{"embeddable":true,"href":"https:\/\/agromt.news\/index.php?rest_route=\/wp\/v2\/media\/5867"}],"wp:attachment":[{"href":"https:\/\/agromt.news\/index.php?rest_route=%2Fwp%2Fv2%2Fmedia&parent=20975"}],"wp:term":[{"taxonomy":"category","embeddable":true,"href":"https:\/\/agromt.news\/index.php?rest_route=%2Fwp%2Fv2%2Fcategories&post=20975"},{"taxonomy":"post_tag","embeddable":true,"href":"https:\/\/agromt.news\/index.php?rest_route=%2Fwp%2Fv2%2Ftags&post=20975"}],"curies":[{"name":"wp","href":"https:\/\/api.w.org\/{rel}","templated":true}]}}