{"id":20969,"date":"2025-09-27T11:59:17","date_gmt":"2025-09-27T15:59:17","guid":{"rendered":"https:\/\/agromt.news\/?p=20969"},"modified":"2025-09-27T11:59:17","modified_gmt":"2025-09-27T15:59:17","slug":"precisa-baixar-a-taxa-selic-estamos-trabalhando-para-ser-o-mais-rapido-possivel","status":"publish","type":"post","link":"https:\/\/agromt.news\/?p=20969","title":{"rendered":"&#8216;Precisa baixar a taxa Selic, estamos trabalhando para ser o mais r\u00e1pido poss\u00edvel&#8217;"},"content":{"rendered":"<p> <br \/>\n<br \/><img decoding=\"async\" src=\"https:\/\/agromt.news\/wp-content\/uploads\/2025\/08\/Governo-resolve-consultar-OMC-sobre-tarifaco-de-Trump.webp.webp\" \/><\/p>\n<div>\n<p>O vice-presidente e ministro do Desenvolvimento, Ind\u00fastria, Com\u00e9rcio e Servi\u00e7os, Geraldo Alckmin, defendeu a redu\u00e7\u00e3o da taxa b\u00e1sica de juros, dizendo que o governo trabalha para que ela caia o mais r\u00e1pido poss\u00edvel. Na semana passada, o Comit\u00ea de Pol\u00edtica Monet\u00e1ria do Banco Central (BC) manteve a <strong><a href=\"http:\/\/www.canalrural.com.br\/tag\/selic\/\">Selic <\/a><\/strong>em 15% ao ano.<\/p>\n<p>\u201cEstamos vivendo, com todas as dificuldades do mundo, um bom momento. Porque o desemprego caiu, est\u00e1 em 5,6%. A renda m\u00e9dia deu uma subida. O sal\u00e1rio m\u00ednimo deu uma subida. A infla\u00e7\u00e3o de alimentos come\u00e7ou a cair. Ent\u00e3o, arroz, feij\u00e3o, p\u00e3o, reduziram. Porque n\u00f3s estamos com uma safra recorde, 16% a mais este ano do que o ano passado. Ent\u00e3o, precisa baixar a taxa Selic, os juros\u201d, disse Alckmin ao apresentador Datena, em entrevista na <em>Rede TV<\/em>, concedida na noite desta sexta-feira (26).<\/p>\n<p>Indagado sobre a previs\u00e3o para corte dos juros, Alckmin disse: \u201cEstamos trabalhando para ser o mais r\u00e1pido poss\u00edvel, porque isso atrapalha a economia\u201d.<\/p>\n<p>\u201cReduzindo a taxa de juros e equacionando melhor essa quest\u00e3o do tarifa\u00e7o dos EUA, o Brasil tem tudo para crescer mais\u201d, destacou.<\/p>\n<\/p><\/div>\n<p><br \/>\n<br \/><a href=\"https:\/\/www.canalrural.com.br\/economia\/alckmin-precisa-baixar-a-taxa-selic-estamos-trabalhando-para-ser-o-mais-rapido-possivel\/\">Source link <\/a><\/p>\n","protected":false},"excerpt":{"rendered":"<p>O vice-presidente e ministro do Desenvolvimento, Ind\u00fastria, Com\u00e9rcio e Servi\u00e7os, Geraldo Alckmin, defendeu a redu\u00e7\u00e3o da taxa b\u00e1sica de juros,<\/p>\n","protected":false},"author":1,"featured_media":18029,"comment_status":"open","ping_status":"open","sticky":false,"template":"","format":"standard","meta":{"_monsterinsights_skip_tracking":false,"_monsterinsights_sitenote_active":false,"_monsterinsights_sitenote_note":"","_monsterinsights_sitenote_category":0,"_uf_show_specific_survey":0,"_uf_disable_surveys":false,"footnotes":""},"categories":[1],"tags":[],"class_list":["post-20969","post","type-post","status-publish","format-standard","has-post-thumbnail","hentry","category-news"],"_links":{"self":[{"href":"https:\/\/agromt.news\/index.php?rest_route=\/wp\/v2\/posts\/20969"}],"collection":[{"href":"https:\/\/agromt.news\/index.php?rest_route=\/wp\/v2\/posts"}],"about":[{"href":"https:\/\/agromt.news\/index.php?rest_route=\/wp\/v2\/types\/post"}],"author":[{"embeddable":true,"href":"https:\/\/agromt.news\/index.php?rest_route=\/wp\/v2\/users\/1"}],"replies":[{"embeddable":true,"href":"https:\/\/agromt.news\/index.php?rest_route=%2Fwp%2Fv2%2Fcomments&post=20969"}],"version-history":[{"count":0,"href":"https:\/\/agromt.news\/index.php?rest_route=\/wp\/v2\/posts\/20969\/revisions"}],"wp:featuredmedia":[{"embeddable":true,"href":"https:\/\/agromt.news\/index.php?rest_route=\/wp\/v2\/media\/18029"}],"wp:attachment":[{"href":"https:\/\/agromt.news\/index.php?rest_route=%2Fwp%2Fv2%2Fmedia&parent=20969"}],"wp:term":[{"taxonomy":"category","embeddable":true,"href":"https:\/\/agromt.news\/index.php?rest_route=%2Fwp%2Fv2%2Fcategories&post=20969"},{"taxonomy":"post_tag","embeddable":true,"href":"https:\/\/agromt.news\/index.php?rest_route=%2Fwp%2Fv2%2Ftags&post=20969"}],"curies":[{"name":"wp","href":"https:\/\/api.w.org\/{rel}","templated":true}]}}