{"id":20968,"date":"2025-09-27T11:52:46","date_gmt":"2025-09-27T15:52:46","guid":{"rendered":"https:\/\/agromt.news\/?p=20968"},"modified":"2025-09-27T11:52:46","modified_gmt":"2025-09-27T15:52:46","slug":"preco-do-leite-segue-em-retracao-no-rs","status":"publish","type":"post","link":"https:\/\/agromt.news\/?p=20968","title":{"rendered":"Pre\u00e7o do leite segue em retra\u00e7\u00e3o no RS"},"content":{"rendered":"<p> <br \/>\n<\/p>\n<div>\n<p style=\"text-align:justify\">O valor consolidado de agosto tamb\u00e9m apresentou retra\u00e7\u00e3o, encerrando o m\u00eas em R$ 2,3861. Isso representa uma queda de 2,97% frente ao valor final de julho, que foi de R$ 2,4592. O comportamento de baixa vem se mantendo desde o pico registrado em meados de 2023, refletindo o atual desequil\u00edbrio entre oferta, demanda e custos de produ\u00e7\u00e3o no setor l\u00e1cteo ga\u00facho.&#13;\n<\/p>\n<p style=\"text-align:justify\">De acordo com o coordenador do Conseleite, Darlan Palharini, os n\u00fameros projetados para setembro consideram os primeiros 20 dias do m\u00eas e t\u00eam como base as informa\u00e7\u00f5es repassadas pelas ind\u00fastrias. O colegiado re\u00fane representantes da cadeia produtiva para definir mensalmente os par\u00e2metros que orientam as negocia\u00e7\u00f5es entre produtores e latic\u00ednios.<\/p>\n<p style=\"text-align:justify\">A queda no valor de refer\u00eancia acende um sinal de aten\u00e7\u00e3o para os produtores, especialmente os de menor escala, que j\u00e1 enfrentam margens apertadas com o aumento dos custos de insumos, energia e m\u00e3o de obra. O recuo sucessivo nos pre\u00e7os, sem uma contrapartida na redu\u00e7\u00e3o dos custos, pressiona a sustentabilidade econ\u00f4mica das propriedades leiteiras.&#13;\n<\/p>\n<p style=\"text-align:justify\">No mercado interno, o consumo de l\u00e1cteos ainda n\u00e3o apresentou a recupera\u00e7\u00e3o esperada, mesmo com a redu\u00e7\u00e3o da infla\u00e7\u00e3o e a retomada gradual do poder de compra. Isso limita o repasse de pre\u00e7os pelas ind\u00fastrias e mant\u00e9m o mercado em um patamar de remunera\u00e7\u00e3o que n\u00e3o cobre, em muitos casos, o custo de produ\u00e7\u00e3o estimado em regi\u00f5es como o Alto Uruguai e o Planalto ga\u00facho.<\/p>\n<p style=\"text-align:justify\">A expectativa do setor \u00e9 que a demanda cres\u00e7a com a chegada das temperaturas mais elevadas, per\u00edodo em que o consumo de derivados como iogurtes e bebidas l\u00e1cteas tende a aumentar. No entanto, essa recupera\u00e7\u00e3o depende de uma s\u00e9rie de fatores econ\u00f4micos e clim\u00e1ticos, como a estabilidade no abastecimento e as condi\u00e7\u00f5es de pastejo para o gado leiteiro.&#13;\n<\/p>\n<p style=\"text-align:justify\">Com mais uma queda confirmada, o mercado leiteiro do Rio Grande do Sul inicia o \u00faltimo trimestre do ano com perspectivas cautelosas. O setor espera por uma inflex\u00e3o de tend\u00eancia que possa reequilibrar a cadeia e garantir maior previsibilidade para produtores e ind\u00fastrias.<\/p>\n<\/p><\/div>\n<p><script data-cfasync=\"false\">\n    !function (f, b, e, v, n, t, s) {\n        if (f.fbq) return; n = f.fbq = function () {\n            n.callMethod ?\n                n.callMethod.apply(n, arguments) : n.queue.push(arguments)\n        };\n        if (!f._fbq) f._fbq = n; n.push = n; n.loaded = !0; n.version = '2.0';\n        n.queue = []; t = b.createElement(e); t.async = !0;\n        t.src = v; s = b.getElementsByTagName(e)[0];\n        s.parentNode.insertBefore(t, s)\n    }(window, document, 'script',\n        'https:\/\/connect.facebook.net\/en_US\/fbevents.js');\n    fbq('init', '522546078623747');\n    fbq('track', 'PageView');\n<\/script><br \/>\n<br \/><br \/>\n<br \/><a href=\"https:\/\/www.agrolink.com.br\/noticias\/preco-do-leite-segue-em-retracao-no-rs_506388.html\">Source link <\/a><\/p>\n","protected":false},"excerpt":{"rendered":"<p>O valor consolidado de agosto tamb\u00e9m apresentou retra\u00e7\u00e3o, encerrando o m\u00eas em R$ 2,3861. Isso representa uma queda de 2,97%<\/p>\n","protected":false},"author":1,"featured_media":1109,"comment_status":"open","ping_status":"open","sticky":false,"template":"","format":"standard","meta":{"_monsterinsights_skip_tracking":false,"_monsterinsights_sitenote_active":false,"_monsterinsights_sitenote_note":"","_monsterinsights_sitenote_category":0,"_uf_show_specific_survey":0,"_uf_disable_surveys":false,"footnotes":""},"categories":[8,1,14],"tags":[],"class_list":["post-20968","post","type-post","status-publish","format-standard","has-post-thumbnail","hentry","category-agro","category-news","category-politica-agro"],"_links":{"self":[{"href":"https:\/\/agromt.news\/index.php?rest_route=\/wp\/v2\/posts\/20968"}],"collection":[{"href":"https:\/\/agromt.news\/index.php?rest_route=\/wp\/v2\/posts"}],"about":[{"href":"https:\/\/agromt.news\/index.php?rest_route=\/wp\/v2\/types\/post"}],"author":[{"embeddable":true,"href":"https:\/\/agromt.news\/index.php?rest_route=\/wp\/v2\/users\/1"}],"replies":[{"embeddable":true,"href":"https:\/\/agromt.news\/index.php?rest_route=%2Fwp%2Fv2%2Fcomments&post=20968"}],"version-history":[{"count":0,"href":"https:\/\/agromt.news\/index.php?rest_route=\/wp\/v2\/posts\/20968\/revisions"}],"wp:featuredmedia":[{"embeddable":true,"href":"https:\/\/agromt.news\/index.php?rest_route=\/wp\/v2\/media\/1109"}],"wp:attachment":[{"href":"https:\/\/agromt.news\/index.php?rest_route=%2Fwp%2Fv2%2Fmedia&parent=20968"}],"wp:term":[{"taxonomy":"category","embeddable":true,"href":"https:\/\/agromt.news\/index.php?rest_route=%2Fwp%2Fv2%2Fcategories&post=20968"},{"taxonomy":"post_tag","embeddable":true,"href":"https:\/\/agromt.news\/index.php?rest_route=%2Fwp%2Fv2%2Ftags&post=20968"}],"curies":[{"name":"wp","href":"https:\/\/api.w.org\/{rel}","templated":true}]}}