{"id":20965,"date":"2025-09-27T11:15:28","date_gmt":"2025-09-27T15:15:28","guid":{"rendered":"https:\/\/agromt.news\/?p=20965"},"modified":"2025-09-27T11:15:28","modified_gmt":"2025-09-27T15:15:28","slug":"produtores-mantem-areas-preservadas-mesmo-apos-fim-de-pagamentos-de-projeto-conservacao","status":"publish","type":"post","link":"https:\/\/agromt.news\/?p=20965","title":{"rendered":"Produtores mant\u00eam \u00e1reas preservadas mesmo ap\u00f3s fim de pagamentos de projeto conserva\u00e7\u00e3o"},"content":{"rendered":"<p> <br \/>\n<br \/><img decoding=\"async\" src=\"https:\/\/agromt.news\/wp-content\/uploads\/2025\/09\/Produtores-mantem-areas-preservadas-mesmo-apos-fim-de-pagamentos-de.png\" \/><\/p>\n<div>\n<p>Propriet\u00e1rios rurais e empresas agr\u00edcolas que participaram da primeira etapa do Conserv, projeto conduzido pelo Instituto de Pesquisa Ambiental da Amaz\u00f4nia <strong>(Ipam)<\/strong>, decidiram manter a preserva\u00e7\u00e3o de \u00e1reas excedentes \u00e0 reserva legal mesmo ap\u00f3s o fim dos pagamentos. A iniciativa funcionou entre 2020 e 2024 e remunerava produtores que optassem por conservar vegeta\u00e7\u00e3o nativa em vez de suprimir legalmente.<\/p>\n<p>No per\u00edodo, o Conserv firmou 32 contratos em Mato Grosso, Par\u00e1 e Maranh\u00e3o, protegendo mais de 27 mil hectares al\u00e9m do exigido por lei. Ao todo, considerando tamb\u00e9m \u00e1reas de reserva legal e APPs (\u00c1reas de Preserva\u00e7\u00e3o Permanente), o programa contribuiu para a conserva\u00e7\u00e3o de mais de 105 mil hectares.<\/p>\n<p>Segundo Andr\u00e9 Guimar\u00e3es, diretor executivo do Ipam, o resultado mostrou que o modelo \u00e9 escal\u00e1vel e pode ajudar a reduzir o desmatamento legal. \u201cPraticamente todos os produtores optaram por seguir conservando. Eles entenderam n\u00e3o s\u00f3 a import\u00e2ncia do papel como produtores de alimentos, mas tamb\u00e9m como estabilizadores do clima do planeta\u201d, afirmou.<br \/>Impactos nas propriedades<\/p>\n<p>A iniciativa gerou benef\u00edcios ambientais percebidos no dia a dia, como maior umidade, regula\u00e7\u00e3o da temperatura e aumento da biodiversidade. Em Sapezal (MT), produtores criaram uma brigada de inc\u00eandio, compraram equipamentos para combate ao fogo e capacitaram trabalhadores. \u201cIsso porque estamos conservando, n\u00e3o deixamos pegar fogo. Foi uma experi\u00eancia muito positiva\u201d, disse Carlos Roberto Simoneti, um dos primeiros a aderir ao Conserv.<\/p>\n<p>O produtor Redi Biezus tamb\u00e9m optou por manter a vegeta\u00e7\u00e3o nativa: \u201cA experi\u00eancia do Conserv era algo que desej\u00e1vamos h\u00e1 muito tempo e nos fez bem. Conservar acaba sendo prazeroso\u201d.<\/p>\n<h2 class=\"wp-block-heading\" id=\"h-adesao-de-empresas\">Ades\u00e3o de empresas<\/h2>\n<p>Al\u00e9m de produtores individuais, empresas do agroneg\u00f3cio tamb\u00e9m mantiveram \u00e1reas preservadas. A SLC Agr\u00edcola destacou ganhos de reputa\u00e7\u00e3o e estrat\u00e9gia ambiental. \u201cEnxergamos valor estrat\u00e9gico na manuten\u00e7\u00e3o de ativos ambientais e na ado\u00e7\u00e3o de pr\u00e1ticas que promovam servi\u00e7os ecossist\u00eamicos\u201d, afirmou Tiago Agne, gerente de Sustentabilidade.<\/p>\n<p>A Amaggi seguiu no mesmo caminho. Para a gerente socioambiental Fabiana Reguero, a experi\u00eancia mostrou que \u00e9 poss\u00edvel conciliar competitividade agr\u00edcola e conserva\u00e7\u00e3o. <\/p>\n<p>\u201cIniciativas como essa demonstram que o agro brasileiro est\u00e1 disposto a inovar e assumir compromissos concretos com a preserva\u00e7\u00e3o ambiental e o combate \u00e0s mudan\u00e7as clim\u00e1ticas.\u201d<br \/>Corredores de biodiversidade<\/p>\n<p>Entre os efeitos adicionais do projeto, propriedades participantes recuperaram \u00e1reas degradadas e criaram um corredor de 13 km de vegeta\u00e7\u00e3o nativa em Sapezal (MT), al\u00e9m de \u201cilhas de conserva\u00e7\u00e3o\u201d em regi\u00f5es de intenso desmatamento, como Porto dos Ga\u00fachos (MT).<\/p>\n<p>Para Guimar\u00e3es, o maior legado do Conserv vai al\u00e9m dos n\u00fameros. \u201cEssas pessoas perceberam um ganho para al\u00e9m do financeiro, come\u00e7aram a olhar o seu papel no mundo de uma forma mais aderente aos desafios atuais do planeta. Esse talvez seja o resultado mais importante do projeto\u201d, avaliou.<\/p>\n<\/p><\/div>\n<p><br \/>\n<br \/><a href=\"https:\/\/www.canalrural.com.br\/agricultura\/produtores-mantem-areas-preservadas-mesmo-apos-fim-de-pagamentos-do-projeto-conserv\/\">Source link <\/a><\/p>\n","protected":false},"excerpt":{"rendered":"<p>Propriet\u00e1rios rurais e empresas agr\u00edcolas que participaram da primeira etapa do Conserv, projeto conduzido pelo Instituto de Pesquisa Ambiental da<\/p>\n","protected":false},"author":1,"featured_media":20966,"comment_status":"open","ping_status":"open","sticky":false,"template":"","format":"standard","meta":{"_monsterinsights_skip_tracking":false,"_monsterinsights_sitenote_active":false,"_monsterinsights_sitenote_note":"","_monsterinsights_sitenote_category":0,"_uf_show_specific_survey":0,"_uf_disable_surveys":false,"footnotes":""},"categories":[1],"tags":[],"class_list":["post-20965","post","type-post","status-publish","format-standard","has-post-thumbnail","hentry","category-news"],"_links":{"self":[{"href":"https:\/\/agromt.news\/index.php?rest_route=\/wp\/v2\/posts\/20965"}],"collection":[{"href":"https:\/\/agromt.news\/index.php?rest_route=\/wp\/v2\/posts"}],"about":[{"href":"https:\/\/agromt.news\/index.php?rest_route=\/wp\/v2\/types\/post"}],"author":[{"embeddable":true,"href":"https:\/\/agromt.news\/index.php?rest_route=\/wp\/v2\/users\/1"}],"replies":[{"embeddable":true,"href":"https:\/\/agromt.news\/index.php?rest_route=%2Fwp%2Fv2%2Fcomments&post=20965"}],"version-history":[{"count":0,"href":"https:\/\/agromt.news\/index.php?rest_route=\/wp\/v2\/posts\/20965\/revisions"}],"wp:featuredmedia":[{"embeddable":true,"href":"https:\/\/agromt.news\/index.php?rest_route=\/wp\/v2\/media\/20966"}],"wp:attachment":[{"href":"https:\/\/agromt.news\/index.php?rest_route=%2Fwp%2Fv2%2Fmedia&parent=20965"}],"wp:term":[{"taxonomy":"category","embeddable":true,"href":"https:\/\/agromt.news\/index.php?rest_route=%2Fwp%2Fv2%2Fcategories&post=20965"},{"taxonomy":"post_tag","embeddable":true,"href":"https:\/\/agromt.news\/index.php?rest_route=%2Fwp%2Fv2%2Ftags&post=20965"}],"curies":[{"name":"wp","href":"https:\/\/api.w.org\/{rel}","templated":true}]}}