{"id":20961,"date":"2025-09-27T09:56:54","date_gmt":"2025-09-27T13:56:54","guid":{"rendered":"https:\/\/agromt.news\/?p=20961"},"modified":"2025-09-27T09:56:54","modified_gmt":"2025-09-27T13:56:54","slug":"95-dos-brasileiros-percebem-alta-nos-precos-no-supermercado","status":"publish","type":"post","link":"https:\/\/agromt.news\/?p=20961","title":{"rendered":"95% dos brasileiros percebem alta nos pre\u00e7os no supermercado"},"content":{"rendered":"<p> <br \/>\n<\/p>\n<div>\n<div class=\"row\">\n<div class=\"col-lg col-infos mt-0 mt-lg-0\">\n<div class=\"section-sub-title\">\n<p itemprop=\"description\">&#13;<br \/>\n                                Apesar da infla\u00e7\u00e3o de 5,35% nos \u00faltimos 12 meses, alguns h\u00e1bitos de consumo seguem&#13;\n                            <\/p>\n<\/p><\/div>\n<div class=\"container\">\n<div class=\"row\">\n<div class=\"col-lg p-0\">\n<div>\n<div class=\"block-news-main-infos mt-3 text-start\">\n<p>                                            <strong class=\"fn\" itemprop=\"author\" style=\"color: rgb(112, 112, 112); \">&#13;<br \/>\n                                                <a href=\"https:\/\/www.agrolink.com.br\/noticias\/javascript:;\" class=\"text-uppercase\" target=\"_blank\" style=\"color: rgb(112, 112, 112); \" rel=\"noopener\">Agrolink<\/a>&#13;<br \/>\n&#13;<br \/>\n                                                    &#8211; Leonardo Gottems&#13;<br \/>\n&#13;<br \/>\n                                            <\/strong><br \/>\n                                        <\/p>\n<p>                                            <abbr><time datetime=\"2025 - 09 - 26T15:09\" itemprop=\"datePublished dateModified\"> Publicado em 26\/09\/2025 \u00e0s 15:09h.<\/time><\/abbr>\n                                    <\/div>\n<\/p><\/div>\n<\/p><\/div>\n<div class=\"col-lg p-0 text-lg-end\">\n<div>\n<div id=\"mdEnviarPagina\" class=\"modal fade\" role=\"dialog\">\n<div class=\"modal-dialog\">\n<div class=\"modal-content\">\n<div class=\"modal-body\">\n<p><strong>Estimado usu\u00e1rio.<\/strong><br \/>Preencha o formul\u00e1rio abaixo para remeter a p\u00e1gina.<\/p>\n<\/p><\/div>\n<\/p><\/div>\n<\/p><\/div>\n<\/div><\/div>\n<\/p><\/div>\n<\/p><\/div>\n<\/p><\/div>\n<\/p><\/div>\n<\/p><\/div>\n<div class=\"row justify-content-md-center mt-3\">\n<div class=\"col-lg-auto col-image block-news-main-image\">\n<p>                                <img decoding=\"async\" src=\"https:\/\/www.agrolink.com.br\/upload\/imagens-resizes\/75c11395f54b46efa5436034b3bddf85_858x483.jpg\" class=\"lazyload img-fluid\" alt=\"Apesar da infla\u00e7\u00e3o de 5,35% nos \u00faltimos 12 meses, alguns h\u00e1bitos de consumo permanecem\"\/><br \/>\n                                                <span class=\"d-block mt-1\">Apesar da infla\u00e7\u00e3o de 5,35% nos \u00faltimos 12 meses, alguns h\u00e1bitos de consumo permanecem &#8211; Foto: Pixabay<\/span><\/p><\/div>\n<\/p><\/div>\n<div class=\"section-description section-description-noticias mt-3\">\n<p>A maioria dos brasileiros percebeu aumento nos pre\u00e7os nos \u00faltimos 12 meses, e mais da metade espera que a tend\u00eancia continue. A pesquisa \u201cConsumo em Tempos de Infla\u00e7\u00e3o e Reprioriza\u00e7\u00e3o\u201d, realizada pela Neogrid em parceria com o Opinion Box, aponta que 95% dos consumidores notaram eleva\u00e7\u00e3o nos valores e 55% acreditam em novas altas.&#13;\n<\/p>\n<p>O levantamento mostra que 82% dos entrevistados substitu\u00edram produtos por vers\u00f5es mais baratas, principalmente em produtos de limpeza (68,9%), higiene pessoal (57,1%) e alimentos e bebidas (53,8%). Entre os motivos est\u00e3o a busca por economia, dificuldade em encontrar marcas preferidas e relut\u00e2ncia em pagar valores acima do usual. No primeiro semestre de 2025, itens como caf\u00e9 e ovos tiveram altas m\u00e9dias de 42,2% e 8,2%, respectivamente.<\/p>\n<p>Apesar da infla\u00e7\u00e3o de 5,35% nos \u00faltimos 12 meses, alguns h\u00e1bitos de consumo permanecem. A pesquisa indica que 73% dos consumidores mant\u00eam \u201cpequenos prazeres\u201d, como comer fora (45%), comprar chocolates e doces (45%) ou pedir delivery (32%). Al\u00e9m disso, 51,3% continuam consumindo em datas especiais, mesmo reduzindo gastos, enquanto 24% n\u00e3o alteraram seus h\u00e1bitos nessas ocasi\u00f5es.&#13;\n<\/p>\n<p>\u201cO estudo mostra como o consumidor brasileiro est\u00e1 cada vez mais atento e disposto a adaptar seus h\u00e1bitos de compra diante da infla\u00e7\u00e3o e da reprioriza\u00e7\u00e3o de gastos. Para a ind\u00fastria e o varejo, entender esse movimento \u00e9 essencial: quem conseguir traduzir esses sinais em estrat\u00e9gias inteligentes ter\u00e1 condi\u00e7\u00f5es de se conectar melhor com o shopper, oferecer alternativas acess\u00edveis e fortalecer a rela\u00e7\u00e3o de confian\u00e7a&#8221;, acredita Christiane Cruz Citr\u00e2ngulo, diretora-executiva de Marketing e Performance na Neogrid.<br \/>&#13;<br \/>\n\u00a0<\/p>\n<\/p><\/div>\n<\/p><\/div>\n<p><script data-cfasync=\"false\">\n    !function (f, b, e, v, n, t, s) {\n        if (f.fbq) return; n = f.fbq = function () {\n            n.callMethod ?\n                n.callMethod.apply(n, arguments) : n.queue.push(arguments)\n        };\n        if (!f._fbq) f._fbq = n; n.push = n; n.loaded = !0; n.version = '2.0';\n        n.queue = []; t = b.createElement(e); t.async = !0;\n        t.src = v; s = b.getElementsByTagName(e)[0];\n        s.parentNode.insertBefore(t, s)\n    }(window, document, 'script',\n        'https:\/\/connect.facebook.net\/en_US\/fbevents.js');\n    fbq('init', '522546078623747');\n    fbq('track', 'PageView');\n<\/script><br \/>\n<br \/><br \/>\n<br \/><a href=\"https:\/\/www.agrolink.com.br\/noticias\/95--dos-brasileiros-percebem-alta-nos-precos-no-supermercado_506389.html\">Source link <\/a><\/p>\n","protected":false},"excerpt":{"rendered":"<p>&#13; Apesar da infla\u00e7\u00e3o de 5,35% nos \u00faltimos 12 meses, alguns h\u00e1bitos de consumo seguem&#13; &#13; Agrolink&#13; &#13; &#8211; Leonardo<\/p>\n","protected":false},"author":1,"featured_media":3190,"comment_status":"open","ping_status":"open","sticky":false,"template":"","format":"standard","meta":{"_monsterinsights_skip_tracking":false,"_monsterinsights_sitenote_active":false,"_monsterinsights_sitenote_note":"","_monsterinsights_sitenote_category":0,"_uf_show_specific_survey":0,"_uf_disable_surveys":false,"footnotes":""},"categories":[8,1,14],"tags":[],"class_list":["post-20961","post","type-post","status-publish","format-standard","has-post-thumbnail","hentry","category-agro","category-news","category-politica-agro"],"_links":{"self":[{"href":"https:\/\/agromt.news\/index.php?rest_route=\/wp\/v2\/posts\/20961"}],"collection":[{"href":"https:\/\/agromt.news\/index.php?rest_route=\/wp\/v2\/posts"}],"about":[{"href":"https:\/\/agromt.news\/index.php?rest_route=\/wp\/v2\/types\/post"}],"author":[{"embeddable":true,"href":"https:\/\/agromt.news\/index.php?rest_route=\/wp\/v2\/users\/1"}],"replies":[{"embeddable":true,"href":"https:\/\/agromt.news\/index.php?rest_route=%2Fwp%2Fv2%2Fcomments&post=20961"}],"version-history":[{"count":0,"href":"https:\/\/agromt.news\/index.php?rest_route=\/wp\/v2\/posts\/20961\/revisions"}],"wp:featuredmedia":[{"embeddable":true,"href":"https:\/\/agromt.news\/index.php?rest_route=\/wp\/v2\/media\/3190"}],"wp:attachment":[{"href":"https:\/\/agromt.news\/index.php?rest_route=%2Fwp%2Fv2%2Fmedia&parent=20961"}],"wp:term":[{"taxonomy":"category","embeddable":true,"href":"https:\/\/agromt.news\/index.php?rest_route=%2Fwp%2Fv2%2Fcategories&post=20961"},{"taxonomy":"post_tag","embeddable":true,"href":"https:\/\/agromt.news\/index.php?rest_route=%2Fwp%2Fv2%2Ftags&post=20961"}],"curies":[{"name":"wp","href":"https:\/\/api.w.org\/{rel}","templated":true}]}}