{"id":20954,"date":"2025-09-27T02:10:58","date_gmt":"2025-09-27T06:10:58","guid":{"rendered":"https:\/\/agromt.news\/?p=20954"},"modified":"2025-09-27T02:10:58","modified_gmt":"2025-09-27T06:10:58","slug":"parana-preve-safra-recorde-de-graos","status":"publish","type":"post","link":"https:\/\/agromt.news\/?p=20954","title":{"rendered":"Paran\u00e1 prev\u00ea safra recorde de gr\u00e3os"},"content":{"rendered":"<p> <br \/>\n<\/p>\n<div>\n<div class=\"row\">\n<div class=\"col-lg col-infos mt-0 mt-lg-0\">\n<div class=\"section-sub-title\">\n<p itemprop=\"description\">&#13;<br \/>\n                                Estado projeta recorde com culturas de inverno&#13;\n                            <\/p>\n<\/p><\/div>\n<div class=\"container\">\n<div class=\"row\">\n<div class=\"col-lg p-0\">\n<div>\n<div class=\"block-news-main-infos mt-3 text-start\">\n<p>                                            <strong class=\"fn\" itemprop=\"author\" style=\"color: rgb(112, 112, 112); \">&#13;<br \/>\n                                                <a href=\"https:\/\/www.agrolink.com.br\/noticias\/javascript:;\" class=\"text-uppercase\" target=\"_blank\" style=\"color: rgb(112, 112, 112); \" rel=\"noopener\">Agrolink<\/a>&#13;<br \/>\n&#13;<br \/>\n                                                    &#8211; Seane Lennon&#13;<br \/>\n&#13;<br \/>\n                                            <\/strong><br \/>\n                                        <\/p>\n<p>                                            <abbr><time datetime=\"2025 - 09 - 26T16:05\" itemprop=\"datePublished dateModified\"> Publicado em 26\/09\/2025 \u00e0s 16:05h.<\/time><\/abbr>\n                                    <\/div>\n<\/p><\/div>\n<\/p><\/div>\n<div class=\"col-lg p-0 text-lg-end\">\n<div>\n<div id=\"mdEnviarPagina\" class=\"modal fade\" role=\"dialog\">\n<div class=\"modal-dialog\">\n<div class=\"modal-content\">\n<div class=\"modal-body\">\n<p><strong>Estimado usu\u00e1rio.<\/strong><br \/>Preencha o formul\u00e1rio abaixo para remeter a p\u00e1gina.<\/p>\n<\/p><\/div>\n<\/p><\/div>\n<\/p><\/div>\n<\/div><\/div>\n<\/p><\/div>\n<\/p><\/div>\n<\/p><\/div>\n<\/p><\/div>\n<\/p><\/div>\n<div class=\"row justify-content-md-center mt-3\">\n<div class=\"col-lg-auto col-image block-news-main-image\">\n<p>                                <img decoding=\"async\" src=\"https:\/\/www.agrolink.com.br\/upload\/imagens-resizes\/bf07a20ba0be449a8ed324f0314f672e_858x483.jpg\" class=\"lazyload img-fluid\"\/><br \/>\n                                                <span class=\"publicity-photo d-block mt-1\">Foto: Divulga\u00e7\u00e3o <\/span><\/p><\/div>\n<\/p><\/div>\n<div class=\"section-description section-description-noticias mt-3\">\n<p style=\"text-align:justify\">O Paran\u00e1 deve colher 46,3 milh\u00f5es de toneladas de gr\u00e3os na safra 2024\/2025, n\u00famero considerado recorde para o estado. O Departamento de Economia Rural (Deral), da Secretaria Estadual da Agricultura e do Abastecimento (Seab), informou nesta quinta-feira (25) que a proje\u00e7\u00e3o ainda depende da conclus\u00e3o da colheita das culturas de inverno. \u201cA previs\u00e3o fica bem acima da safra 23\/24, de 38,48 milh\u00f5es de toneladas, e supera o recorde da safra 22\/23, de 45,48 milh\u00f5es de toneladas\u201d, disse o boletim de safra do Deral.&#13;\n<\/p>\n<p style=\"text-align:justify\">Segundo o Departamento, o Paran\u00e1 colheu 21,4 milh\u00f5es de toneladas de <a href=\"https:\/\/www.agrolink.com.br\/culturas\/soja?utm_source=agrolink-detalhe-noticia&amp;utm_medium=detalhe-noticia&amp;utm_campaign=links-internos\" target=\"_blank\" rel=\"noopener\">soja<\/a>. A produ\u00e7\u00e3o de <a href=\"https:\/\/www.agrolink.com.br\/culturas\/milho?utm_source=agrolink-detalhe-noticia&amp;utm_medium=detalhe-noticia&amp;utm_campaign=links-internos&#9;\" target=\"_blank\" rel=\"noopener\">milho<\/a> atingiu 20,4 milh\u00f5es de toneladas e a de <a href=\"https:\/\/www.agrolink.com.br\/culturas\/feijao\/?utm_source=agrolink-detalhe-noticia&amp;utm_medium=detalhe-noticia&amp;utm_campaign=links-internos\" target=\"_blank\" rel=\"noopener\">feij\u00e3o<\/a> chegou a 841 mil toneladas, o que contribuiu para o patamar hist\u00f3rico desta safra. O estado ainda colheu 136 mil toneladas de <a href=\"https:\/\/www.agrolink.com.br\/culturas\/arroz\/?utm_source=agrolink-detalhe-noticia&amp;utm_medium=detalhe-noticia&amp;utm_campaign=links-internos\" target=\"_blank\" rel=\"noopener\">arroz<\/a> e 44,9 mil toneladas de caf\u00e9 na safra 24\/25. \u201cOs produtores j\u00e1 colheram 41% da \u00e1rea de <a href=\"https:\/\/www.agrolink.com.br\/culturas\/trigo\/?utm_source=agrolink-detalhe-noticia&amp;utm_medium=detalhe-noticia&amp;utm_campaign=links-internos\" target=\"_blank\" rel=\"noopener\">trigo<\/a>, com rendimento m\u00e9dio de 3.258 kg\/ha, contra 2.139 kg\/ha na safra anterior\u201d, informou o Deral. A produtividade tamb\u00e9m aumentou nas lavouras de cevada: no ciclo anterior o rendimento chegou a 3.841 kg\/ha e este ano passou para 4.333 kg\/ha.<\/p>\n<p style=\"text-align:justify\">A previs\u00e3o \u00e9 que o Paran\u00e1 colha 449 mil toneladas de cevada nos 103 mil hectares cultivados nesta safra, \u00e1rea superior aos 82,2 mil hectares do ciclo anterior. A colheita atingiu at\u00e9 agora 12% da \u00e1rea cultivada. \u201cSe as condi\u00e7\u00f5es favor\u00e1veis persistirem, a safra recorde estar\u00e1 assegurada\u201d, afirmaram t\u00e9cnicos do Deral.&#13;\n<\/p>\n<p style=\"text-align:justify\">A safra de ver\u00e3o 25\/26 est\u00e1 em in\u00edcio de plantio. As chuvas que favoreceram a safra de inverno tamb\u00e9m umedeceram o solo, permitindo maior ritmo de semeadura nos pr\u00f3ximos dias. At\u00e9 o in\u00edcio desta semana, o milho atingia 64% de \u00e1rea plantada, a batata 60% e o feij\u00e3o da primeira safra 28%, com maior concentra\u00e7\u00e3o de produ\u00e7\u00e3o no Sul do estado.<\/p>\n<\/p><\/div>\n<\/p><\/div>\n<p><script data-cfasync=\"false\">\n    !function (f, b, e, v, n, t, s) {\n        if (f.fbq) return; n = f.fbq = function () {\n            n.callMethod ?\n                n.callMethod.apply(n, arguments) : n.queue.push(arguments)\n        };\n        if (!f._fbq) f._fbq = n; n.push = n; n.loaded = !0; n.version = '2.0';\n        n.queue = []; t = b.createElement(e); t.async = !0;\n        t.src = v; s = b.getElementsByTagName(e)[0];\n        s.parentNode.insertBefore(t, s)\n    }(window, document, 'script',\n        'https:\/\/connect.facebook.net\/en_US\/fbevents.js');\n    fbq('init', '522546078623747');\n    fbq('track', 'PageView');\n<\/script><br \/>\n<br \/><br \/>\n<br \/><a href=\"https:\/\/www.agrolink.com.br\/noticias\/parana-preve-safra-recorde-de-graos_506393.html\">Source link <\/a><\/p>\n","protected":false},"excerpt":{"rendered":"<p>&#13; Estado projeta recorde com culturas de inverno&#13; &#13; Agrolink&#13; &#13; &#8211; Seane Lennon&#13; &#13; Publicado em 26\/09\/2025 \u00e0s 16:05h.<\/p>\n","protected":false},"author":1,"featured_media":3524,"comment_status":"open","ping_status":"open","sticky":false,"template":"","format":"standard","meta":{"_monsterinsights_skip_tracking":false,"_monsterinsights_sitenote_active":false,"_monsterinsights_sitenote_note":"","_monsterinsights_sitenote_category":0,"_uf_show_specific_survey":0,"_uf_disable_surveys":false,"footnotes":""},"categories":[8,1,14],"tags":[],"class_list":["post-20954","post","type-post","status-publish","format-standard","has-post-thumbnail","hentry","category-agro","category-news","category-politica-agro"],"_links":{"self":[{"href":"https:\/\/agromt.news\/index.php?rest_route=\/wp\/v2\/posts\/20954"}],"collection":[{"href":"https:\/\/agromt.news\/index.php?rest_route=\/wp\/v2\/posts"}],"about":[{"href":"https:\/\/agromt.news\/index.php?rest_route=\/wp\/v2\/types\/post"}],"author":[{"embeddable":true,"href":"https:\/\/agromt.news\/index.php?rest_route=\/wp\/v2\/users\/1"}],"replies":[{"embeddable":true,"href":"https:\/\/agromt.news\/index.php?rest_route=%2Fwp%2Fv2%2Fcomments&post=20954"}],"version-history":[{"count":0,"href":"https:\/\/agromt.news\/index.php?rest_route=\/wp\/v2\/posts\/20954\/revisions"}],"wp:featuredmedia":[{"embeddable":true,"href":"https:\/\/agromt.news\/index.php?rest_route=\/wp\/v2\/media\/3524"}],"wp:attachment":[{"href":"https:\/\/agromt.news\/index.php?rest_route=%2Fwp%2Fv2%2Fmedia&parent=20954"}],"wp:term":[{"taxonomy":"category","embeddable":true,"href":"https:\/\/agromt.news\/index.php?rest_route=%2Fwp%2Fv2%2Fcategories&post=20954"},{"taxonomy":"post_tag","embeddable":true,"href":"https:\/\/agromt.news\/index.php?rest_route=%2Fwp%2Fv2%2Ftags&post=20954"}],"curies":[{"name":"wp","href":"https:\/\/api.w.org\/{rel}","templated":true}]}}