{"id":20951,"date":"2025-09-26T22:15:21","date_gmt":"2025-09-27T02:15:21","guid":{"rendered":"https:\/\/agromt.news\/?p=20951"},"modified":"2025-09-26T22:15:21","modified_gmt":"2025-09-27T02:15:21","slug":"clima-beneficia-safra-de-inverno-na-regiao-sul","status":"publish","type":"post","link":"https:\/\/agromt.news\/?p=20951","title":{"rendered":"Clima beneficia safra de inverno na regi\u00e3o Sul"},"content":{"rendered":"<p> <br \/>\n<\/p>\n<div>\n<div class=\"row\">\n<div class=\"col-lg col-infos mt-0 mt-lg-0\">\n<div class=\"section-sub-title\">\n<p itemprop=\"description\">&#13;<br \/>\n                                Milho e arroz avan\u00e7am com plantio acelerado&#13;\n                            <\/p>\n<\/p><\/div>\n<div class=\"container\">\n<div class=\"row\">\n<div class=\"col-lg p-0\">\n<div>\n<div class=\"block-news-main-infos mt-3 text-start\">\n<p>                                            <strong class=\"fn\" itemprop=\"author\" style=\"color: rgb(112, 112, 112); \">&#13;<br \/>\n                                                <a href=\"https:\/\/www.agrolink.com.br\/noticias\/javascript:;\" class=\"text-uppercase\" target=\"_blank\" style=\"color: rgb(112, 112, 112); \" rel=\"noopener\">Agrolink<\/a>&#13;<br \/>\n&#13;<br \/>\n                                                    &#8211; Seane Lennon&#13;<br \/>\n&#13;<br \/>\n                                            <\/strong><br \/>\n                                        <\/p>\n<p>                                            <abbr><time datetime=\"2025 - 09 - 26T16:58\" itemprop=\"datePublished dateModified\"> Publicado em 26\/09\/2025 \u00e0s 16:58h.<\/time><\/abbr>\n                                    <\/div>\n<\/p><\/div>\n<\/p><\/div>\n<div class=\"col-lg p-0 text-lg-end\">\n<div>\n<div id=\"mdEnviarPagina\" class=\"modal fade\" role=\"dialog\">\n<div class=\"modal-dialog\">\n<div class=\"modal-content\">\n<div class=\"modal-body\">\n<p><strong>Estimado usu\u00e1rio.<\/strong><br \/>Preencha o formul\u00e1rio abaixo para remeter a p\u00e1gina.<\/p>\n<\/p><\/div>\n<\/p><\/div>\n<\/p><\/div>\n<\/div><\/div>\n<\/p><\/div>\n<\/p><\/div>\n<\/p><\/div>\n<\/p><\/div>\n<\/p><\/div>\n<div class=\"row justify-content-md-center mt-3\">\n<div class=\"col-lg-auto col-image block-news-main-image\">\n<p>                                <img decoding=\"async\" src=\"https:\/\/www.agrolink.com.br\/upload\/imagens-resizes\/1ae122ed8734412c8cb42cc71d3d2834_858x483.jpg\" class=\"lazyload img-fluid\"\/><br \/>\n                                                <span class=\"publicity-photo d-block mt-1\">Foto: Pixabay<\/span><\/p><\/div>\n<\/p><\/div>\n<div class=\"section-description section-description-noticias mt-3\">\n<p style=\"text-align:justify\"><span><span>De acordo com o Boletim de Monitoramento Agr\u00edcola (BMA), divulgado nesta semana pela Companhia Nacional de Abastecimento (Conab), \u201cos volumes de chuva registrados na regi\u00e3o Sul nos 20 primeiros dias de setembro favoreceram os cultivos de inverno na maioria das \u00e1reas produtoras\u201d. O documento aponta que \u201cos maiores volumes foram distribu\u00eddos no Rio Grande do Sul, principalmente na primeira semana do m\u00eas\u201d. Os dados espectrais indicam que \u201cas condi\u00e7\u00f5es foram desenvolvidas nas principais regi\u00f5es de produtos de <\/span><\/span><a href=\"https:\/\/www.agrolink.com.br\/culturas\/trigo\/?utm_source=agrolink-detalhe-noticia&amp;utm_medium=detalhe-noticia&amp;utm_campaign=links-internos\" target=\"_blank\" rel=\"noopener\"><span><span>trigo<\/span><\/span><\/a><span><span> , gr\u00e3o com a maior \u00e1rea semeada nas culturas de inverno, mesmo com o registro de problemas e tempestades em algumas \u00e1reas\u201d.<\/span><\/span>&#13;\n<\/p>\n<p style=\"text-align:justify\"><span><span><span><span>Ainda segundo o Boletim, \u201cos gr\u00e1ficos de evolu\u00e7\u00e3o do \u00edndice de crescimento das principais produtoras de trigo, onde as atividades se encontram majoritariamente em desenvolvimento vegetativo, enchimento e preenchimento de gr\u00e3os, mostram que as condi\u00e7\u00f5es, no geral, foram realizadas\u201d. O documento destaca que \u201cnas regi\u00f5es monitoradas, observa-se que o \u00edndice evoluiu acima da m\u00e9dia hist\u00f3rica durante a maior parte do per\u00edodo de desenvolvimento das atividades, encontrando-se, neste momento, pr\u00f3ximo ou acima da safra anterior\u201d.<\/span><\/span><\/span><\/span><\/p>\n<p style=\"text-align:justify\"><span><span><span><span>No Rio Grande do Sul, \u201cprincipal estado produtor de trigo, a condi\u00e7\u00e3o geral das atividades \u00e9 considerada boa\u201d. No Paran\u00e1, \u201co clima favoreceu o avan\u00e7o da colheita e a maior parte das atividades encontra-se em matura\u00e7\u00e3o\u201d. Em Santa Catarina, \u201ca cultura apresenta bom potencial produtivo\u201d e \u201ca maior parte das culturas catarinenses apresentam-se em desenvolvimento vegetativo, enquanto alguns avan\u00e7am para o enchimento de gr\u00e3os\u201d. A altern\u00e2ncia entre per\u00edodos de sol e umidade \u201ctem favorecido o crescimento das plantas\u201d. <\/span><\/span><\/span><\/span><span><span><span><span>???????<\/span><\/span><\/span><\/span>&#13;\n<\/p>\n<p style=\"text-align:justify\"><span><span>Sobre as culturas de ver\u00e3o da safra 2025\/26, o Boletim informa que \u201ca semeadura da nova safra est\u00e1 avan\u00e7ando, principalmente sob o cultivo irrigado ou em \u00e1reas com disponibilidade de \u00e1gua no solo\u201d. O plantio de <\/span><\/span><a href=\"https:\/\/www.agrolink.com.br\/culturas\/arroz\/?utm_source=agrolink-detalhe-noticia&amp;utm_medium=detalhe-noticia&amp;utm_campaign=links-internos\" target=\"_blank\" rel=\"noopener\"><span><span>arroz<\/span><\/span><\/a><span><span> irrigado \u201cest\u00e1 no in\u00edcio no Rio Grande do Sul, concentrado nas \u00e1reas de cultivo pr\u00e9-germinado\u201d, e em Santa Catarina \u201ca semeadura do gr\u00e3o est\u00e1 mais avan\u00e7ada no litoral Norte\u201d. J\u00e1 \u201ca semeadura do <\/span><\/span><a href=\"https:\/\/www.agrolink.com.br\/culturas\/milho?utm_source=agrolink-detalhe-noticia&amp;utm_medium=detalhe-noticia&amp;utm_campaign=links-internos&#9;\" target=\"_blank\" rel=\"noopener\"><span><span>milho<\/span><\/span><\/a><span><span> primeira safra ocorre em ritmo acelerado na regi\u00e3o Sul, favorecida pelo aumento das temperaturas e pelas precipita\u00e7\u00f5es regulares\u201d. Quanto \u00e0 <\/span><\/span><a href=\"https:\/\/www.agrolink.com.br\/culturas\/soja?utm_source=agrolink-detalhe-noticia&amp;utm_medium=detalhe-noticia&amp;utm_campaign=links-internos\" target=\"_blank\" rel=\"noopener\"><span><span>soja<\/span><\/span><\/a><span><span> , \u201co plantio \u00e9 incipiente no Centro-Oeste e est\u00e1 concentrado, especialmente, em \u00e1reas irrigadas\u201d. No Paran\u00e1, \u201co plantio foi iniciado em algumas \u00e1reas das regi\u00f5es Oeste e Sudoeste, onde a umidade n\u00e3o s\u00f3 tem permitido as opera\u00e7\u00f5es de campo e propiciou um bom desenvolvimento inicial das atividades\u201d.<\/span><\/span><\/p>\n<\/p><\/div>\n<\/p><\/div>\n<p><script data-cfasync=\"false\">\n    !function (f, b, e, v, n, t, s) {\n        if (f.fbq) return; n = f.fbq = function () {\n            n.callMethod ?\n                n.callMethod.apply(n, arguments) : n.queue.push(arguments)\n        };\n        if (!f._fbq) f._fbq = n; n.push = n; n.loaded = !0; n.version = '2.0';\n        n.queue = []; t = b.createElement(e); t.async = !0;\n        t.src = v; s = b.getElementsByTagName(e)[0];\n        s.parentNode.insertBefore(t, s)\n    }(window, document, 'script',\n        'https:\/\/connect.facebook.net\/en_US\/fbevents.js');\n    fbq('init', '522546078623747');\n    fbq('track', 'PageView');\n<\/script><br \/>\n<br \/><br \/>\n<br \/><a href=\"https:\/\/www.agrolink.com.br\/noticias\/clima-beneficia-safra-de-inverno-na-regiao-sul_506397.html\">Source link <\/a><\/p>\n","protected":false},"excerpt":{"rendered":"<p>&#13; Milho e arroz avan\u00e7am com plantio acelerado&#13; &#13; Agrolink&#13; &#13; &#8211; Seane Lennon&#13; &#13; Publicado em 26\/09\/2025 \u00e0s 16:58h.<\/p>\n","protected":false},"author":1,"featured_media":3800,"comment_status":"open","ping_status":"open","sticky":false,"template":"","format":"standard","meta":{"_monsterinsights_skip_tracking":false,"_monsterinsights_sitenote_active":false,"_monsterinsights_sitenote_note":"","_monsterinsights_sitenote_category":0,"_uf_show_specific_survey":0,"_uf_disable_surveys":false,"footnotes":""},"categories":[8,1,14],"tags":[],"class_list":["post-20951","post","type-post","status-publish","format-standard","has-post-thumbnail","hentry","category-agro","category-news","category-politica-agro"],"_links":{"self":[{"href":"https:\/\/agromt.news\/index.php?rest_route=\/wp\/v2\/posts\/20951"}],"collection":[{"href":"https:\/\/agromt.news\/index.php?rest_route=\/wp\/v2\/posts"}],"about":[{"href":"https:\/\/agromt.news\/index.php?rest_route=\/wp\/v2\/types\/post"}],"author":[{"embeddable":true,"href":"https:\/\/agromt.news\/index.php?rest_route=\/wp\/v2\/users\/1"}],"replies":[{"embeddable":true,"href":"https:\/\/agromt.news\/index.php?rest_route=%2Fwp%2Fv2%2Fcomments&post=20951"}],"version-history":[{"count":0,"href":"https:\/\/agromt.news\/index.php?rest_route=\/wp\/v2\/posts\/20951\/revisions"}],"wp:featuredmedia":[{"embeddable":true,"href":"https:\/\/agromt.news\/index.php?rest_route=\/wp\/v2\/media\/3800"}],"wp:attachment":[{"href":"https:\/\/agromt.news\/index.php?rest_route=%2Fwp%2Fv2%2Fmedia&parent=20951"}],"wp:term":[{"taxonomy":"category","embeddable":true,"href":"https:\/\/agromt.news\/index.php?rest_route=%2Fwp%2Fv2%2Fcategories&post=20951"},{"taxonomy":"post_tag","embeddable":true,"href":"https:\/\/agromt.news\/index.php?rest_route=%2Fwp%2Fv2%2Ftags&post=20951"}],"curies":[{"name":"wp","href":"https:\/\/api.w.org\/{rel}","templated":true}]}}