{"id":20949,"date":"2025-09-26T20:20:31","date_gmt":"2025-09-27T00:20:31","guid":{"rendered":"https:\/\/agromt.news\/?p=20949"},"modified":"2025-09-26T20:20:31","modified_gmt":"2025-09-27T00:20:31","slug":"agricultores-franceses-protestam-contra-o-acordo-mercosul-uniao-europeia","status":"publish","type":"post","link":"https:\/\/agromt.news\/?p=20949","title":{"rendered":"Agricultores franceses protestam contra o acordo Mercosul-Uni\u00e3o Europeia"},"content":{"rendered":"<p> <br \/>\n<br \/><img decoding=\"async\" src=\"https:\/\/agromt.news\/wp-content\/uploads\/2025\/09\/Agricultores-franceses-protestam-contra-o-acordo-Mercosul-Uniao-Europeia.jpg\" \/><\/p>\n<div>\n<p>Agricultores franceses protestaram em diversas partes do pa\u00eds nesta sexta-feira (26) contra o acordo Mercosul-Uni\u00e3o Europeia. Eles alegam que o pacto entre os blocos econ\u00f4micos promover\u00e1 concorr\u00eancia desleal e acusam os produtos agr\u00edcolas sul-americanos de n\u00e3o atenderem os padr\u00f5es de qualidade do Velho Continente.<\/p>\n<p>As manifesta\u00e7\u00f5es foram convocadas pela Federa\u00e7\u00e3o Nacional dos Sindicatos de Agricultores da Fran\u00e7a e mobilizaram centenas de tratores. <\/p>\n<p><iframe title=\"Fran\u00e7a teria for\u00e7a para barrar o acordo entre UE e Mercosul?\" width=\"800\" height=\"450\" src=\"https:\/\/www.youtube.com\/embed\/CqnELOgXe4w?feature=oembed\" frameborder=\"0\" allow=\"accelerometer; autoplay; clipboard-write; encrypted-media; gyroscope; picture-in-picture; web-share\" referrerpolicy=\"strict-origin-when-cross-origin\" allowfullscreen><\/iframe><noscript><iframe title=\"Fran\u00e7a teria for\u00e7a para barrar o acordo entre UE e Mercosul?\" width=\"800\" height=\"450\" src=\"https:\/\/www.youtube.com\/embed\/CqnELOgXe4w?feature=oembed\" frameborder=\"0\" allow=\"accelerometer; autoplay; clipboard-write; encrypted-media; gyroscope; picture-in-picture; web-share\" referrerpolicy=\"strict-origin-when-cross-origin\" allowfullscreen><\/iframe><\/noscript><\/p>\n<p>Em v\u00eddeo publicado nas redes sociais, o presidente da entidade, Olivier Hardouin, criticou o governo de Emmanuel Macron e disse que o momento \u00e9 um dos mais importantes para a agricultura francesa. <\/p>\n<p>\u201cO presidente da Rep\u00fablica exita em assuntos com Mercosul, Estados Unidos e quest\u00f5es ucranianas que vem junto com todos os seus produtos sobrecarregar os nossos mercados e [comprometer a nossa] competitividade. No momento em que muitos agricultores hesitam em reunir-se, quando n\u00e3o h\u00e1 governo, a Federa\u00e7\u00e3o dos Agricultores permanece um corpo intermedi\u00e1rio que age por voc\u00eas no dia a dia\u201d, disse.<\/p>\n<p>Para o professor da FGV Agro, Leonardo Munhoz, as reclama\u00e7\u00f5es dos agricultores franceses s\u00e3o injustificadas, uma vez que a vers\u00e3o final do acordo fechado entre os blocos inclui diversas salvaguardas \u00e0 Uni\u00e3o Europeia, como o limite de importa\u00e7\u00e3o de carne bovina, por exemplo, que \u00e9 de, no m\u00e1ximo, 1,5%.<\/p>\n<p>\u201cOs agricultores franceses e de toda a Uni\u00e3o Europeia v\u00e3o ter um subs\u00eddio da pol\u00edtica agr\u00edcola comum deles de mais de 300 bilh\u00f5es de euros. Ent\u00e3o h\u00e1 todo um sistema de prote\u00e7\u00e3o que o Mercosul teve de ceder para o governo franc\u00eas, para o governo da Irlanda, para o governo da It\u00e1lia. Essa resist\u00eancia por parte dos produtores franceses, essa reclama\u00e7\u00e3o \u00e9 sem motivo\u201d, diz.<\/p>\n<h2 class=\"wp-block-heading\" id=\"h-franceses-podem-vetar-o-acordo\">Franceses podem vetar o acordo?<\/h2>\n<p>A expectativa \u00e9 que o acordo Mercosul-Uni\u00e3o Europeia seja assinado at\u00e9 o fim do ano, mas a Fran\u00e7a tem sido a voz mais estridente contra o pacto. Munhoz lembra que a proposta ainda precisa ser apreciada pelo parlamento europeu e pela Comiss\u00e3o Europeia \u2014 semelhante ao Senado brasileiro.  <\/p>\n<p>\u201cA Fran\u00e7a pode influenciar os euro-deputados e tamb\u00e9m o Conselho Europeu a votarem contra, mas ela, sozinha, n\u00e3o consegue vetar esse acordo, ela precisaria de mais ou menos 35% desses votos\u201d, detalha.<\/p>\n<p>Assim, o professor conta que a Fran\u00e7a precisaria contar com o voto contr\u00e1rio de parlamentares de na\u00e7\u00f5es que j\u00e1 demonstraram resist\u00eancia ao pacto entre os blocos, casos de Irlanda e It\u00e1lia.<\/p>\n<p>Munhoz ressalta que o presidente franc\u00eas era um dos mais estridentes contra o acordo, mas agora se mostra favor\u00e1vel, dentro dos termos de salvaguarda, por conta de a Europa necessitar de mais parceiros uma vez em que Donald Trump sobretaxou diversos itens da pauta de exporta\u00e7\u00e3o global.<\/p>\n<p>\u201cO agricultor franc\u00eas, no meu ver, pode reclamar e tentar argumentar, mas acho que a press\u00e3o da realidade e da necessidade da Uni\u00e3o Europeia ter mais parceiros comerciais vai acabar prevalecendo\u201d, considera.<\/p>\n<p>Segundo Munhoz, nessa equa\u00e7\u00e3o tamb\u00e9m pesa o fato de a Uni\u00e3o Europeia ter a demanda de vender aos pa\u00edses membros do Mercosul produtos de maior valor agregado, como carros, bebidas alco\u00f3licas e chocolates, por exemplo, isentos de tarifa, o que est\u00e1 previsto no acordo.<\/p>\n<p>Especificamente ao Brasil, o especialista detalha que ficam duas li\u00e7\u00f5es para que o acordo entre os blocos seja de fato implementado, uma vez que o pa\u00eds leva vantagem ao ter um agro mais competitivo que o europeu: combater o desmatamento ilegal e a rastabilidade dos produtos agropecu\u00e1rios.<\/p>\n<\/p><\/div>\n<p><br \/>\n<br \/><a href=\"https:\/\/www.canalrural.com.br\/internacional\/agricultores-franceses-protestam-contra-o-acordo-mercosul-uniao-europeia\/\">Source link <\/a><\/p>\n","protected":false},"excerpt":{"rendered":"<p>Agricultores franceses protestaram em diversas partes do pa\u00eds nesta sexta-feira (26) contra o acordo Mercosul-Uni\u00e3o Europeia. Eles alegam que o<\/p>\n","protected":false},"author":1,"featured_media":20950,"comment_status":"open","ping_status":"open","sticky":false,"template":"","format":"standard","meta":{"_monsterinsights_skip_tracking":false,"_monsterinsights_sitenote_active":false,"_monsterinsights_sitenote_note":"","_monsterinsights_sitenote_category":0,"_uf_show_specific_survey":0,"_uf_disable_surveys":false,"footnotes":""},"categories":[1],"tags":[],"class_list":["post-20949","post","type-post","status-publish","format-standard","has-post-thumbnail","hentry","category-news"],"_links":{"self":[{"href":"https:\/\/agromt.news\/index.php?rest_route=\/wp\/v2\/posts\/20949"}],"collection":[{"href":"https:\/\/agromt.news\/index.php?rest_route=\/wp\/v2\/posts"}],"about":[{"href":"https:\/\/agromt.news\/index.php?rest_route=\/wp\/v2\/types\/post"}],"author":[{"embeddable":true,"href":"https:\/\/agromt.news\/index.php?rest_route=\/wp\/v2\/users\/1"}],"replies":[{"embeddable":true,"href":"https:\/\/agromt.news\/index.php?rest_route=%2Fwp%2Fv2%2Fcomments&post=20949"}],"version-history":[{"count":0,"href":"https:\/\/agromt.news\/index.php?rest_route=\/wp\/v2\/posts\/20949\/revisions"}],"wp:featuredmedia":[{"embeddable":true,"href":"https:\/\/agromt.news\/index.php?rest_route=\/wp\/v2\/media\/20950"}],"wp:attachment":[{"href":"https:\/\/agromt.news\/index.php?rest_route=%2Fwp%2Fv2%2Fmedia&parent=20949"}],"wp:term":[{"taxonomy":"category","embeddable":true,"href":"https:\/\/agromt.news\/index.php?rest_route=%2Fwp%2Fv2%2Fcategories&post=20949"},{"taxonomy":"post_tag","embeddable":true,"href":"https:\/\/agromt.news\/index.php?rest_route=%2Fwp%2Fv2%2Ftags&post=20949"}],"curies":[{"name":"wp","href":"https:\/\/api.w.org\/{rel}","templated":true}]}}