{"id":20948,"date":"2025-09-26T20:19:05","date_gmt":"2025-09-27T00:19:05","guid":{"rendered":"https:\/\/agromt.news\/?p=20948"},"modified":"2025-09-26T20:19:05","modified_gmt":"2025-09-27T00:19:05","slug":"produtores-terao-apoio-para-comercializar-feijao","status":"publish","type":"post","link":"https:\/\/agromt.news\/?p=20948","title":{"rendered":"Produtores ter\u00e3o apoio para comercializar feij\u00e3o"},"content":{"rendered":"<p> <br \/>\n<\/p>\n<div>\n<p style=\"text-align:justify\">Os produtores e produtores de <a href=\"https:\/\/www.agrolink.com.br\/culturas\/feijao\/?utm_source=agrolink-detalhe-noticia&amp;utm_medium=detalhe-noticia&amp;utm_campaign=links-internos\" target=\"_blank\" rel=\"noopener\">feij\u00e3o<\/a> do Rio Grande do Sul, de Santa Catarina e do Paran\u00e1 ter\u00e3o nova oportunidade de apoio \u00e0 comercializa\u00e7\u00e3o e ao escoamento da leguminosa da safra 2024\/25. A Companhia Nacional de Abastecimento (Conab) informou que realizar\u00e1, nos dias 1\u00ba e 2 de outubro, leil\u00f5es p\u00fablicos de Pr\u00eamio Equalizador Pago ao Produtor Rural (Pepro) e de Pr\u00eamio para Escoamento de Produto (PEP). Segundo a Companhia, \u201cao todo, ser\u00e3o oferecidas 16,2 mil toneladas de Pepro e outras 16,2 mil toneladas de PEP\u201d.&#13;\n<\/p>\n<p style=\"text-align:justify\"><span><span>De acordo com a Conab, \u201cdessa vez n\u00e3o haver\u00e1 limite por produtor para participar da subven\u00e7\u00e3o\u201d. A Companhia explicou que, com isso, \u201cos produtores podem participar da Pepro e tamb\u00e9m vender \u00e0s empresas que contratam o PEP\u201d. No entanto, \u201c\u00e9 vedado ao agricultor negociar com a Conab um volume de feij\u00e3o referente \u00e0 mesma safra 2024\/25 que excede a produ\u00e7\u00e3o prevista na \u00e1rea declarada no Sican\u201d.<\/span><\/span><\/p>\n<p style=\"text-align:justify\"><span><span>Os leil\u00f5es marcados para o dia 1\u00ba de outubro ser\u00e3o destinados \u00e0 agricultura familiar. A Conab destacou que ir\u00e1 oferecer \u201c6,48 mil toneladas de pepro de feij\u00e3o-preto exclusivamente para os agricultores e agricultores familiares, bem como suas cooperativas sediadas nos estados da regi\u00e3o Sul do pa\u00eds\u201d. Para receber o pr\u00eamio, \u201co produtor ou cooperativa dever\u00e1 comprovar a produ\u00e7\u00e3o e a venda ou escoamento do feij\u00e3o-preto para a ind\u00fastria de beneficiamento ou comerciante de uma localidade diferente de onde ocorre o plantio do produto\u201d.<\/span><\/span><\/p>\n<p style=\"text-align:justify\"><span><span>No mesmo dia, tamb\u00e9m ser\u00e3o oferecidas \u201c6,48 mil toneladas de PEP para ind\u00fastrias de beneficiamento e comerciantes de feij\u00e3o-preto do Paran\u00e1, de Santa Catarina e do Rio Grande do Sul\u201d. Nessa opera\u00e7\u00e3o, \u201co participante dever\u00e1 comprovar a compra do feij\u00e3o-preto in natura obrigatoriamente de familiares agricultores diretamente ou por meio de suas cooperativas, pelo Pre\u00e7o M\u00ednimo e o posterior escoamento do produto\u201d.<\/span><\/span>&#13;\n<\/p>\n<p style=\"text-align:justify\">\u00a0<\/p>\n<p style=\"text-align:justify\"><span><span>Na quinta-feira (2), os leil\u00f5es Pepro ser\u00e3o realizados em car\u00e1ter de ampla concorr\u00eancia. Segundo a Conab, \u201ctodos os produtores, cooperativas, agricultores familiares inclusivos, poder\u00e3o participar\u201d. O mesmo ocorrer\u00e1 com o PEP, \u201cem que as ind\u00fastrias de beneficiamento e comerciantes do gr\u00e3o precisar\u00e3o comprovar a compra do feij\u00e3o-preto in natura de agricultores, inclusive da agricultura familiar, pelo Pre\u00e7o M\u00ednimo e o posterior escoamento do produto\u201d.<\/span><\/span><\/p>\n<p style=\"text-align:justify\"><span><span>A Companhia ressaltou que, para participar dos leil\u00f5es, \u201cos interessados ??devem estar inscritos na Bolsa de Mercadorias pela qual pretendem atuar e em situa\u00e7\u00e3o regular perante o Sistema de Cadastro Nacional de Produtores Rurais e Demais Agentes (Sican) da Conab, al\u00e9m de possuir cadastro em situa\u00e7\u00e3o regular no Sistema de Cadastramento Unificado de Fornecedores (Sicaf) e perante o Cadastro Informativo de Cr\u00e9ditos n\u00e3o Quitados do Setor P\u00fablico Federal (Cadin), entre outras disposi\u00e7\u00f5es previstas nos editais\u201d.<\/span><\/span><\/p>\n<p style=\"text-align:justify\">\u00a0<\/p>\n<p style=\"text-align:justify\"><span><span>A a\u00e7\u00e3o foi autorizada pela Portaria Interministerial dos minist\u00e9rios da Agricultura e Pecu\u00e1ria, da Fazenda, do Planejamento e Or\u00e7amento, e do Desenvolvimento Agr\u00e1rio e Agricultura Familiar n.\u00ba 24\/2025, publicada em 25 de agosto de 2025. O documento \u201cdefine um volume de recursos de at\u00e9 R$ 21,7 milh\u00f5es para escoamento de 32,4 mil toneladas de feij\u00e3o da safra 2024\/25 para fora dos estados de origem da produ\u00e7\u00e3o\u201d.<\/span><\/span>&#13;\n<\/p>\n<p style=\"text-align:justify\"><span><span>Segundo a Conab, \u201cos leil\u00f5es p\u00fablicos a serem realizados no \u00e2mbito da Pol\u00edtica de Garantia de Pre\u00e7os M\u00ednimos (PGPM) s\u00e3o importantes ferramentas para diminuir oscila\u00e7\u00f5es na renda dos produtores rurais e garantir uma remunera\u00e7\u00e3o m\u00ednima, atuando como balizadora da oferta, incentivando ou desestimulando a produ\u00e7\u00e3o e garantindo a regularidade do abastecimento nacional\u201d.<\/span><\/span><\/p>\n<\/p><\/div>\n<p><script data-cfasync=\"false\">\n    !function (f, b, e, v, n, t, s) {\n        if (f.fbq) return; n = f.fbq = function () {\n            n.callMethod ?\n                n.callMethod.apply(n, arguments) : n.queue.push(arguments)\n        };\n        if (!f._fbq) f._fbq = n; n.push = n; n.loaded = !0; n.version = '2.0';\n        n.queue = []; t = b.createElement(e); t.async = !0;\n        t.src = v; s = b.getElementsByTagName(e)[0];\n        s.parentNode.insertBefore(t, s)\n    }(window, document, 'script',\n        'https:\/\/connect.facebook.net\/en_US\/fbevents.js');\n    fbq('init', '522546078623747');\n    fbq('track', 'PageView');\n<\/script><br \/>\n<br \/><br \/>\n<br \/><a href=\"https:\/\/www.agrolink.com.br\/noticias\/produtores-terao-apoio-para-comercializar-feijao_506398.html\">Source link <\/a><\/p>\n","protected":false},"excerpt":{"rendered":"<p>Os produtores e produtores de feij\u00e3o do Rio Grande do Sul, de Santa Catarina e do Paran\u00e1 ter\u00e3o nova oportunidade<\/p>\n","protected":false},"author":1,"featured_media":3955,"comment_status":"open","ping_status":"open","sticky":false,"template":"","format":"standard","meta":{"_monsterinsights_skip_tracking":false,"_monsterinsights_sitenote_active":false,"_monsterinsights_sitenote_note":"","_monsterinsights_sitenote_category":0,"_uf_show_specific_survey":0,"_uf_disable_surveys":false,"footnotes":""},"categories":[8,1,14],"tags":[],"class_list":["post-20948","post","type-post","status-publish","format-standard","has-post-thumbnail","hentry","category-agro","category-news","category-politica-agro"],"_links":{"self":[{"href":"https:\/\/agromt.news\/index.php?rest_route=\/wp\/v2\/posts\/20948"}],"collection":[{"href":"https:\/\/agromt.news\/index.php?rest_route=\/wp\/v2\/posts"}],"about":[{"href":"https:\/\/agromt.news\/index.php?rest_route=\/wp\/v2\/types\/post"}],"author":[{"embeddable":true,"href":"https:\/\/agromt.news\/index.php?rest_route=\/wp\/v2\/users\/1"}],"replies":[{"embeddable":true,"href":"https:\/\/agromt.news\/index.php?rest_route=%2Fwp%2Fv2%2Fcomments&post=20948"}],"version-history":[{"count":0,"href":"https:\/\/agromt.news\/index.php?rest_route=\/wp\/v2\/posts\/20948\/revisions"}],"wp:featuredmedia":[{"embeddable":true,"href":"https:\/\/agromt.news\/index.php?rest_route=\/wp\/v2\/media\/3955"}],"wp:attachment":[{"href":"https:\/\/agromt.news\/index.php?rest_route=%2Fwp%2Fv2%2Fmedia&parent=20948"}],"wp:term":[{"taxonomy":"category","embeddable":true,"href":"https:\/\/agromt.news\/index.php?rest_route=%2Fwp%2Fv2%2Fcategories&post=20948"},{"taxonomy":"post_tag","embeddable":true,"href":"https:\/\/agromt.news\/index.php?rest_route=%2Fwp%2Fv2%2Ftags&post=20948"}],"curies":[{"name":"wp","href":"https:\/\/api.w.org\/{rel}","templated":true}]}}