{"id":20947,"date":"2025-09-26T19:52:27","date_gmt":"2025-09-26T23:52:27","guid":{"rendered":"https:\/\/agromt.news\/?p=20947"},"modified":"2025-09-26T19:52:27","modified_gmt":"2025-09-26T23:52:27","slug":"veja-como-o-mercado-pecuario-encerrou-a-semana","status":"publish","type":"post","link":"https:\/\/agromt.news\/?p=20947","title":{"rendered":"veja como o mercado pecu\u00e1rio encerrou a semana"},"content":{"rendered":"<p> <br \/>\n<br \/><img decoding=\"async\" src=\"https:\/\/agromt.news\/wp-content\/uploads\/2025\/03\/veja-como-o-mercado-finalizou-a-semana.jpg\" \/><\/p>\n<div>\n<p>O mercado f\u00edsico do boi gordo encerra a semana apresentando manuten\u00e7\u00e3o do padr\u00e3o de neg\u00f3cios em grande parte do pa\u00eds. <\/p>\n<p>O analista de Safras &amp; Mercado Fernando Henrique Iglesias destaca que os frigor\u00edficos, em especial os de maior porte, ainda desfrutam de uma posi\u00e7\u00e3o mais confort\u00e1vel em suas escalas de abate. <\/p>\n<p>\u201cA incid\u00eancia de animais de parceria segue relevante para justificar esse atual posicionamento das escalas. <strong><a href=\"https:\/\/www.canalrural.com.br\/tag\/exportacoes\/\">Exporta\u00e7\u00f5es<\/a><\/strong> ainda s\u00e3o o grande elemento de suporte dos pre\u00e7os da arroba do boi gordo, com n\u00fameros bastante expressivos na atual temporada\u201d, disse.<\/p>\n<h2 class=\"wp-block-heading\" id=\"h-precos-medios-do-boi-gordo\">Pre\u00e7os m\u00e9dios do boi gordo<\/h2>\n<ul class=\"wp-block-list\">\n<li><strong>S\u00e3o Paulo:<\/strong> R$ 303,17 \u2014 ontem: R$ 304,08<\/li>\n<li><strong>Goi\u00e1s:<\/strong> R$ 286,61 \u2014 R$ 286,79<\/li>\n<li><strong>Minas Gerais: <\/strong>R$ 285,29 \u2014 R$ 285,88<\/li>\n<li><strong>Mato Grosso do Sul:<\/strong> R$ 319,59 \u2014 R$ 319,89<\/li>\n<li><strong>Mato Grosso:<\/strong> R$ 293,05 \u2014 R$ 293,65<\/li>\n<\/ul>\n<h2 class=\"wp-block-heading\" id=\"h-mercado-atacadista\">Mercado atacadista<\/h2>\n<p>O mercado atacadista encerra a semana apresentando acomoda\u00e7\u00e3o em seus pre\u00e7os. A expectativa \u00e9 de algum avan\u00e7o durante a primeira quinzena de outubro, per\u00edodo pautado por maior apelo ao consumo, com a entrada dos sal\u00e1rios na economia motivando a reposi\u00e7\u00e3o ao longo da cadeia produtiva. <\/p>\n<p>\u201cMais uma vez \u00e9 v\u00e1lido mencionar que a carne de frango ainda disp\u00f5e de maior competitividade na compara\u00e7\u00e3o com as concorrentes, em especial se comparado a carne bovina\u201d, ressalta Iglesias.<\/p>\n<p>O quarto traseiro ainda \u00e9 precificado a R$ 23,00, por quilo; o dianteiro segue a R$ 17,00, por quilo; e a ponta de agulha se mant\u00e9m a R$ 16,50.<\/p>\n<h2 class=\"wp-block-heading\" id=\"h-cambio\">C\u00e2mbio<\/h2>\n<p>O d\u00f3lar comercial encerrou em queda de 0,51%, sendo negociado a R$ 5,3376 para venda e a R$ 5,3356 para compra. Durante o dia, a moeda norte-americana oscilou entre a m\u00ednima de R$ 5,3348 e a m\u00e1xima de R$ 5,3658. Na semana, valorizou 0,32%.<\/p>\n<\/p><\/div>\n<p><br \/>\n<br \/><a href=\"https:\/\/www.canalrural.com.br\/pecuaria\/precos-do-boi-gordo-veja-como-o-mercado-pecuario-encerrou-a-semana\/\">Source link <\/a><\/p>\n","protected":false},"excerpt":{"rendered":"<p>O mercado f\u00edsico do boi gordo encerra a semana apresentando manuten\u00e7\u00e3o do padr\u00e3o de neg\u00f3cios em grande parte do pa\u00eds.<\/p>\n","protected":false},"author":1,"featured_media":12385,"comment_status":"open","ping_status":"open","sticky":false,"template":"","format":"standard","meta":{"_monsterinsights_skip_tracking":false,"_monsterinsights_sitenote_active":false,"_monsterinsights_sitenote_note":"","_monsterinsights_sitenote_category":0,"_uf_show_specific_survey":0,"_uf_disable_surveys":false,"footnotes":""},"categories":[1],"tags":[],"class_list":["post-20947","post","type-post","status-publish","format-standard","has-post-thumbnail","hentry","category-news"],"_links":{"self":[{"href":"https:\/\/agromt.news\/index.php?rest_route=\/wp\/v2\/posts\/20947"}],"collection":[{"href":"https:\/\/agromt.news\/index.php?rest_route=\/wp\/v2\/posts"}],"about":[{"href":"https:\/\/agromt.news\/index.php?rest_route=\/wp\/v2\/types\/post"}],"author":[{"embeddable":true,"href":"https:\/\/agromt.news\/index.php?rest_route=\/wp\/v2\/users\/1"}],"replies":[{"embeddable":true,"href":"https:\/\/agromt.news\/index.php?rest_route=%2Fwp%2Fv2%2Fcomments&post=20947"}],"version-history":[{"count":0,"href":"https:\/\/agromt.news\/index.php?rest_route=\/wp\/v2\/posts\/20947\/revisions"}],"wp:featuredmedia":[{"embeddable":true,"href":"https:\/\/agromt.news\/index.php?rest_route=\/wp\/v2\/media\/12385"}],"wp:attachment":[{"href":"https:\/\/agromt.news\/index.php?rest_route=%2Fwp%2Fv2%2Fmedia&parent=20947"}],"wp:term":[{"taxonomy":"category","embeddable":true,"href":"https:\/\/agromt.news\/index.php?rest_route=%2Fwp%2Fv2%2Fcategories&post=20947"},{"taxonomy":"post_tag","embeddable":true,"href":"https:\/\/agromt.news\/index.php?rest_route=%2Fwp%2Fv2%2Ftags&post=20947"}],"curies":[{"name":"wp","href":"https:\/\/api.w.org\/{rel}","templated":true}]}}