{"id":20946,"date":"2025-09-26T19:38:57","date_gmt":"2025-09-26T23:38:57","guid":{"rendered":"https:\/\/agromt.news\/?p=20946"},"modified":"2025-09-26T19:38:57","modified_gmt":"2025-09-26T23:38:57","slug":"parana-deve-registrar-safra-historica-de-463-mi-de-toneladas-de-graos-na-temporada-24-25","status":"publish","type":"post","link":"https:\/\/agromt.news\/?p=20946","title":{"rendered":"Paran\u00e1 deve registrar safra hist\u00f3rica de 46,3 mi de toneladas de gr\u00e3os na temporada 24\/25"},"content":{"rendered":"<p> <br \/>\n<br \/><img decoding=\"async\" src=\"https:\/\/agromt.news\/wp-content\/uploads\/2024\/08\/Safra-de-graos-202425-de-Sao-Paulo-deve-ser-22.jpg\" \/><\/p>\n<div>\n<p>O <a href=\"https:\/\/www.canalrural.com.br\/tag\/parana\/\">Paran\u00e1<\/a> deve colher 46,3 milh\u00f5es de toneladas de gr\u00e3os ao final da safra 2024\/2025, um recorde para o estado. O Departamento de Economia Rural (<a href=\"https:\/\/www.canalrural.com.br\/tag\/deral\/\">Deral<\/a>) informou que esse n\u00famero ainda depende da conclus\u00e3o da colheita das culturas de inverno. <\/p>\n<p>A previs\u00e3o do departamento fica bem acima da safra de gr\u00e3os de 23\/24 (38,48 milh\u00f5es de toneladas) e supera o recorde da safra 22\/23 (45,48 milh\u00f5es de toneladas). Esses dados fazem parte do\u00a0Boletim de Safra do Deral, divulgado nesta quinta-feira (25).<\/p>\n<p>De acordo com o Deral, o Paran\u00e1 colheu 21 milh\u00f5es de toneladas de soja no \u00faltimo ciclo. A produ\u00e7\u00e3o recorde de milho (20,4 milh\u00f5es toneladas) e feij\u00e3o (841 mil toneladas) tamb\u00e9m colaborou para o patamar hist\u00f3rico desta safra. O estado ainda colheu 136 mil toneladas de arroz e 44,9 mil toneladas de caf\u00e9 na safra 24\/25.<\/p>\n<p>A esses n\u00fameros soma-se a produ\u00e7\u00e3o das culturas de inverno que est\u00e1 em andamento. At\u00e9 o momento, os produtores s\u00f3 colheram 41% da \u00e1rea de trigo, com um rendimento m\u00e9dio de 3.258 quilos por hectare (kg\/ha), contra 2.139 na safra anterior. <\/p>\n<h2 class=\"wp-block-heading\" id=\"h-lavouras-de-cevada\">Lavouras de cevada<\/h2>\n<p>A produtividade tamb\u00e9m aumentou nas lavouras de cevada. No ciclo anterior o rendimento chegou a 3.841 kg\/ha e este ano passou para 4.333 kg\/ha, o que representou um salto significativo para a produ\u00e7\u00e3o do estado.<\/p>\n<p>\u201cAs \u00faltimas chuvas colaboraram para que essas produtividades pudessem ser alcan\u00e7adas, ainda que tenham vindo com ventos fortes que acabaram causando acamamento em algumas lavouras\u201d, informa o chefe da Divis\u00e3o de Conjuntura do Deral, Hugo Godinho. <\/p>\n<p>A previs\u00e3o \u00e9 que o Paran\u00e1 colha 449 mil toneladas de cevada, nos 103 mil hectares cultivados. Esta \u00e1rea \u00e9 bem superior aos 82.2 mil hectares da safra anterior. A colheita s\u00f3 atingiu 12% da \u00e1rea cultivada, mas os t\u00e9cnicos afirmam que, se as condi\u00e7\u00f5es favor\u00e1veis persistirem, a safra recorde est\u00e1 assegurada.<\/p>\n<p>O secret\u00e1rio estadual da Agricultura e do Abastecimento, Marcio Nunes, destaca que o resultado refor\u00e7a a posi\u00e7\u00e3o do Paran\u00e1 como refer\u00eancia mundial em produ\u00e7\u00e3o sustent\u00e1vel. <\/p>\n<p>\u201cO Paran\u00e1 \u00e9 o supermercado sustent\u00e1vel do mundo, o estado que mais produz por metro quadrado e que exporta sustentabilidade e qualidade. Esse recorde da safra mostra a for\u00e7a do nosso agricultor, a efici\u00eancia da nossa agricultura e o compromisso do Paran\u00e1 em crescer sempre com respeito ao meio ambiente\u201d, afirma.<\/p>\n<h2 class=\"wp-block-heading\" id=\"h-previsoes-para-safra-de-verao-25-26\">Previs\u00f5es para safra de ver\u00e3o 25\/26<\/h2>\n<p>A safra de ver\u00e3o 2025\/26 est\u00e1 apenas come\u00e7ando. As chuvas que beneficiaram a safra de inverno tamb\u00e9m umedeceram o solo, e o plantio deve se intensificar nos pr\u00f3ximos dias. At\u00e9 o in\u00edcio desta semana, as culturas com maior avan\u00e7o eram o milho (64%), a batata (60%) e o feij\u00e3o da primeira safra (28%), concentradas principalmente na regi\u00e3o Sul do estado.<\/p>\n<p>A expectativa inicial \u00e9 que o estado produza 25,7 milh\u00f5es de toneladas na pr\u00f3xima safra de ver\u00e3o. A soja \u00e9 a principal cultura, com uma produ\u00e7\u00e3o estimada de 21,9 milh\u00f5es de toneladas.\u00a0<\/p>\n<p>\u201cA soja estava com 13% da \u00e1rea plantada e como o plantio come\u00e7ou na regi\u00e3o onde havia d\u00e9ficit h\u00eddrico, os trabalhos devem ganhar for\u00e7a a partir de agora. Al\u00e9m disso, o vazio sanit\u00e1rio da soja s\u00f3 permite o plantio da cultura mais tardiamente em algumas regi\u00f5es\u201d, explicou Edmar Gerv\u00e1sio, do Deral.<\/p>\n<p>Na compara\u00e7\u00e3o nacional, o Paran\u00e1 segue como o segundo principal produtor de gr\u00e3os do Brasil, com 13,3% do mercado, atr\u00e1s apenas do\u00a0Mato Grosso (32,4%). Segundo o Instituto Brasileiro de Geografia e Estat\u00edstica (<a href=\"https:\/\/www.canalrural.com.br\/tag\/ibge\/\">IBGE<\/a>), que a estimativa da produ\u00e7\u00e3o do Paran\u00e1 cresceu\u00a0317.500 toneladas no \u00faltimo m\u00eas, segunda maior varia\u00e7\u00e3o do Brasil.<\/p>\n<\/p><\/div>\n<p><br \/>\n<br \/><a href=\"https:\/\/www.canalrural.com.br\/agricultura\/parana-deve-registrar-safra-historica-de-463-mi-de-toneladas-de-graos-na-temporada-24-25\/\">Source link <\/a><\/p>\n","protected":false},"excerpt":{"rendered":"<p>O Paran\u00e1 deve colher 46,3 milh\u00f5es de toneladas de gr\u00e3os ao final da safra 2024\/2025, um recorde para o estado.<\/p>\n","protected":false},"author":1,"featured_media":16489,"comment_status":"open","ping_status":"open","sticky":false,"template":"","format":"standard","meta":{"_monsterinsights_skip_tracking":false,"_monsterinsights_sitenote_active":false,"_monsterinsights_sitenote_note":"","_monsterinsights_sitenote_category":0,"_uf_show_specific_survey":0,"_uf_disable_surveys":false,"footnotes":""},"categories":[1],"tags":[],"class_list":["post-20946","post","type-post","status-publish","format-standard","has-post-thumbnail","hentry","category-news"],"_links":{"self":[{"href":"https:\/\/agromt.news\/index.php?rest_route=\/wp\/v2\/posts\/20946"}],"collection":[{"href":"https:\/\/agromt.news\/index.php?rest_route=\/wp\/v2\/posts"}],"about":[{"href":"https:\/\/agromt.news\/index.php?rest_route=\/wp\/v2\/types\/post"}],"author":[{"embeddable":true,"href":"https:\/\/agromt.news\/index.php?rest_route=\/wp\/v2\/users\/1"}],"replies":[{"embeddable":true,"href":"https:\/\/agromt.news\/index.php?rest_route=%2Fwp%2Fv2%2Fcomments&post=20946"}],"version-history":[{"count":0,"href":"https:\/\/agromt.news\/index.php?rest_route=\/wp\/v2\/posts\/20946\/revisions"}],"wp:featuredmedia":[{"embeddable":true,"href":"https:\/\/agromt.news\/index.php?rest_route=\/wp\/v2\/media\/16489"}],"wp:attachment":[{"href":"https:\/\/agromt.news\/index.php?rest_route=%2Fwp%2Fv2%2Fmedia&parent=20946"}],"wp:term":[{"taxonomy":"category","embeddable":true,"href":"https:\/\/agromt.news\/index.php?rest_route=%2Fwp%2Fv2%2Fcategories&post=20946"},{"taxonomy":"post_tag","embeddable":true,"href":"https:\/\/agromt.news\/index.php?rest_route=%2Fwp%2Fv2%2Ftags&post=20946"}],"curies":[{"name":"wp","href":"https:\/\/api.w.org\/{rel}","templated":true}]}}