{"id":20935,"date":"2025-09-26T17:56:34","date_gmt":"2025-09-26T21:56:34","guid":{"rendered":"https:\/\/agromt.news\/?p=20935"},"modified":"2025-09-26T17:56:34","modified_gmt":"2025-09-26T21:56:34","slug":"concursos-de-cafe-triplicam-valor-de-graos-em-minas-gerais","status":"publish","type":"post","link":"https:\/\/agromt.news\/?p=20935","title":{"rendered":"Concursos de caf\u00e9 triplicam valor de gr\u00e3os em Minas Gerais"},"content":{"rendered":"<p> <br \/>\n<\/p>\n<div>\n<p>O Concurso de Qualidade dos Caf\u00e9s de <strong><a href=\"https:\/\/www.canalrural.com.br\/tag\/minas-gerais\/\">Minas Gerais<\/a><\/strong>, promovido pela Empresa de Assist\u00eancia T\u00e9cnica e Extens\u00e3o Rural do Estado de Minas Gerais (Emater-MG), recebeu mais de 1.800 inscri\u00e7\u00f5es em 2025, crescimento de 31% em rela\u00e7\u00e3o ao ano passado.<\/p>\n<p>Conforme o \u00f3rg\u00e3o, gr\u00e3os premiados t\u00eam sido reconhecidos no mercado. Os compradores chegam a pagar at\u00e9 tr\u00eas vezes mais em rela\u00e7\u00e3o aos produtos convencionais.<\/p>\n<h2 class=\"wp-block-heading\" id=\"h-valorizacao-do-grao\">Valoriza\u00e7\u00e3o do gr\u00e3o <\/h2>\n<p>A Emater destaca que a remunera\u00e7\u00e3o feita por um produto de maior qualidade gera, consequentemente, melhores condi\u00e7\u00f5es \u00e0s fam\u00edlias envolvidas na produ\u00e7\u00e3o.<\/p>\n<p>Exemplo disso \u00e9 que em 2024, uma rede de supermercados adquiriu o caf\u00e9 vitorioso do Concurso de Qualidade dos Caf\u00e9s de Minas Gerais por <strong>R$ 6 mil a saca<\/strong>, al\u00e9m de o produtor ter recebido mais<strong> R$ 10 mil<\/strong> pelo pr\u00eamio de Grande Campe\u00e3o.<\/p>\n<p>J\u00e1 os gr\u00e3os do primeiro lugar do concurso foram comercializados a <strong>R$ 5 mil por saca<\/strong> e o segundo colocado recebeu <strong>R$ 4 mil\/saca<\/strong>.<\/p>\n<p>\u201cComo o caf\u00e9 subiu bastante no \u00faltimo ano, comprado por R$ 2,5 mil anteriormente, a diferen\u00e7a de pre\u00e7os foi menos acentuada, mas nos \u00faltimos tivemos o lote campe\u00e3o sendo vendido por tr\u00eas vezes a cota\u00e7\u00e3o do dia\u201d, comenta o coordenador estadual de Cafeicultura da Emater-MG, Bernardino Cangussu.<\/p>\n<h2 class=\"wp-block-heading\" id=\"h-maior-concurso-de-cafes-especiais\">Maior concurso de caf\u00e9s especiais<\/h2>\n<p>Na sua<strong> 22\u00aa edi\u00e7\u00e3o<\/strong>, o Concurso de Qualidade dos Caf\u00e9s de Minas Gerais, \u00e9 a maior e mais tradicional competi\u00e7\u00e3o voltada exclusivamente para <a href=\"https:\/\/www.canalrural.com.br\/tag\/cafe-especiais\/\">caf\u00e9s especiais<\/a> produzidos no estado. <\/p>\n<p>O coordenador estadual de Culturas da Emater-MG, Willem Ara\u00fajo, comentou sobre as melhorias no caf\u00e9 mineiro e o surgimento de regi\u00f5es refer\u00eancia em caf\u00e9s de qualidade fomentadas em raz\u00e3o do concurso.<\/p>\n<p>\u201cO concurso contribuiu bastante para a melhoria dos caf\u00e9s mineiros, assim como os demais concursos feitos pela Emater-MG nos munic\u00edpios e nas regionais. H\u00e1 alguns anos, nas Matas de Minas, quase n\u00e3o tinha caf\u00e9 de qualidade, mas atualmente a regi\u00e3o \u00e9 uma das maiores produtoras de caf\u00e9s finos do pa\u00eds\u201d, citou. <\/p>\n<p>J\u00e1 o coordenador regional da Emater-MG em Manhua\u00e7u, Thiago Oliveira, considera que os concursos de caf\u00e9 da Emater-MG, que t\u00eam inscri\u00e7\u00f5es gratuitas, s\u00e3o a op\u00e7\u00e3o mais barata de proje\u00e7\u00e3o do <a href=\"https:\/\/www.canalrural.com.br\/tag\/cafeicultor\/\">cafeicultor<\/a>.<\/p>\n<p>\u201cOs concursos atraem a aten\u00e7\u00e3o de muitas cafeterias e compradores, pois facilita que eles identifiquem facilmente bebidas de alta qualidade. Vale a pena participar tamb\u00e9m pelo <em>network<\/em>  especializado, que o cafeicultor faz ao se destacar num concurso desses\u201d, ressalta Thiago.<\/p>\n<h2 class=\"wp-block-heading\" id=\"h-mudanca-de-vida\"><strong>Mudan\u00e7a de vida<\/strong><\/h2>\n<figure class=\"wp-block-image size-full\"><img fetchpriority=\"high\" decoding=\"async\" width=\"1000\" height=\"563\" alt=\"\" class=\"wp-image-4125369\"  data-lazy- src=\"https:\/\/agromt.news\/wp-content\/uploads\/2025\/09\/Concursos-de-cafe-triplicam-valor-de-graos-em-Minas-Gerais.jpg\"\/><img decoding=\"async\" width=\"1000\" height=\"563\" src=\"https:\/\/agromt.news\/wp-content\/uploads\/2025\/09\/Concursos-de-cafe-triplicam-valor-de-graos-em-Minas-Gerais.jpg\" alt=\"\" class=\"wp-image-4125369\"  \/><figcaption class=\"wp-element-caption\">Fam\u00edlia Lacerda. Foto: Rafael Soal\/Emater-MG<\/figcaption><\/figure>\n<p>O cafeicultor Jos\u00e9 Alexandre Lacerda \u00e9 de Espera Feliz, um dos munic\u00edpios das Matas de Minas, que mais brilharam no concurso estadual. <\/p>\n<p>A fam\u00edlia do patriarca Onofre Lacerda, Grande Campe\u00e3o Estadual de 2024, trabalha unida e j\u00e1 acumula seis pr\u00eamios no estadual e ainda conquistou premia\u00e7\u00f5es em concursos nacionais.<\/p>\n<p>O produtor diz que nasceu na cafeicultura, mas enfrentava dificuldades com o caf\u00e9 comum. Ap\u00f3s se inscrever pela primeira vez no concurso e conquistar um pr\u00eamio, a produ\u00e7\u00e3o ganhou reconhecimento.<\/p>\n<p>\u201c[\u2026] Como meu pai sempre prezou pelo capricho, o extensionista da Emater-MG falou para entrarmos no concurso e j\u00e1 na primeira vez ganhamos um pr\u00eamio. Outras vit\u00f3rias vieram e nosso caf\u00e9 passou a ser reconhecido no mercado. Da\u00ed nossa vida melhorou bastante e atualmente os sete irm\u00e3os vivem da cafeicultura\u201d, diz o cafeicultor.<\/p>\n<p>Atualmente, o s\u00edtio Di Lacerda vende para torrefa\u00e7\u00f5es e cafeterias de v\u00e1rios estados e tamb\u00e9m exporta para <a href=\"https:\/\/www.canalrural.com.br\/tag\/portugal\/\">Portugal<\/a>,<a href=\"https:\/\/www.canalrural.com.br\/tag\/espanha\/\"> Espanha<\/a>,<a href=\"https:\/\/www.canalrural.com.br\/tag\/inglaterra\/\"> Inglaterra<\/a> e <a href=\"https:\/\/www.canalrural.com.br\/tag\/japao\/\">Jap\u00e3o<\/a>. Os valores dos caf\u00e9s vendidos, segundo o produtor, giram em torno de <strong>60 a 100%<\/strong> a mais do que uma saca comum de caf\u00e9. <\/p>\n<p>\u201cVem gente do mundo inteiro aqui. Passar de produtor de caf\u00e9 convencional para o gourmet foi como se tiv\u00e9ssemos achado uma mina de ouro, transformou nossa vida\u201d, comenta entusiasmado o produtor Jos\u00e9 Alexandre.<\/p>\n<h2 class=\"wp-block-heading\" id=\"h-venda-nas-redes-sociais\"><strong>Venda nas redes sociais<\/strong><\/h2>\n<p>A cafeicultora Silmara Emerick, de Alto Jequitib\u00e1, da Zona da Mata, tamb\u00e9m produz caf\u00e9s especiais e j\u00e1 acumula v\u00e1rios pr\u00eamios em concursos da Emater-MG, figurando sempre os destaques do Concurso de Qualidade das Regi\u00f5es das Matas de Minas e do Capara\u00f3. <\/p>\n<p>\u201cOs concursos trazem muita visibilidade para o produtor. No in\u00edcio \u00e9 dif\u00edcil, mas voc\u00ea n\u00e3o pode desistir. Fazendo um caf\u00e9 de alta qualidade, voc\u00ea adquire credibilidade no mercado\u201d, diz.<\/p>\n<p>Por outro lado, diferente dos Lacerda, Silmara optou por usar a fama dos concursos para vender diretamente para o consumidor por meio das redes sociais. <\/p>\n<p>\u201cTemos nossa marca de caf\u00e9 e usamos a internet, Instagram e Whatsapp, para comercializar nosso produto\u201d, explica. Todos os anos, a fam\u00edlia participa ainda de um estande na Semana Internacional de Caf\u00e9 (SIC), outra alternativa para divulga\u00e7\u00e3o do produto.<\/p>\n<h2 class=\"wp-block-heading\" id=\"h-ampliacao-do-comercio\">Amplia\u00e7\u00e3o do com\u00e9rcio <\/h2>\n<p>Alguns produtores, premiados em concursos da Emater-MG, comercializam ainda seus caf\u00e9s pelo <a href=\"https:\/\/www.edocampo.com.br\/\">site \u00c9 do Campo<\/a>, uma plataforma de vendas on-line de produtos da agricultura familiar.<\/p>\n<p>O \u00c9 do Campo foi criado pela Emater-MG, visando ampliar as vendas da <a href=\"https:\/\/www.canalrural.com.br\/tag\/agricultura-familiar\/\">agricultura familiar<\/a> por meio do com\u00e9rcio eletr\u00f4nico e oferece v\u00e1rios tipos de caf\u00e9s de marcas dos pr\u00f3prios produtores.<\/p>\n<p>*<em>Sob supervis\u00e3o de Victor Faverin<\/em><\/p>\n<\/p><\/div>\n<p><br \/>\n<br \/><a href=\"https:\/\/www.canalrural.com.br\/agricultura\/vencedores-de-concursos-de-cafes-chegam-a-vender-saca-por-r-6-mil\/\">Source link <\/a><\/p>\n","protected":false},"excerpt":{"rendered":"<p>O Concurso de Qualidade dos Caf\u00e9s de Minas Gerais, promovido pela Empresa de Assist\u00eancia T\u00e9cnica e Extens\u00e3o Rural do Estado<\/p>\n","protected":false},"author":1,"featured_media":20936,"comment_status":"open","ping_status":"open","sticky":false,"template":"","format":"standard","meta":{"_monsterinsights_skip_tracking":false,"_monsterinsights_sitenote_active":false,"_monsterinsights_sitenote_note":"","_monsterinsights_sitenote_category":0,"_uf_show_specific_survey":0,"_uf_disable_surveys":false,"footnotes":""},"categories":[1],"tags":[],"class_list":["post-20935","post","type-post","status-publish","format-standard","has-post-thumbnail","hentry","category-news"],"_links":{"self":[{"href":"https:\/\/agromt.news\/index.php?rest_route=\/wp\/v2\/posts\/20935"}],"collection":[{"href":"https:\/\/agromt.news\/index.php?rest_route=\/wp\/v2\/posts"}],"about":[{"href":"https:\/\/agromt.news\/index.php?rest_route=\/wp\/v2\/types\/post"}],"author":[{"embeddable":true,"href":"https:\/\/agromt.news\/index.php?rest_route=\/wp\/v2\/users\/1"}],"replies":[{"embeddable":true,"href":"https:\/\/agromt.news\/index.php?rest_route=%2Fwp%2Fv2%2Fcomments&post=20935"}],"version-history":[{"count":0,"href":"https:\/\/agromt.news\/index.php?rest_route=\/wp\/v2\/posts\/20935\/revisions"}],"wp:featuredmedia":[{"embeddable":true,"href":"https:\/\/agromt.news\/index.php?rest_route=\/wp\/v2\/media\/20936"}],"wp:attachment":[{"href":"https:\/\/agromt.news\/index.php?rest_route=%2Fwp%2Fv2%2Fmedia&parent=20935"}],"wp:term":[{"taxonomy":"category","embeddable":true,"href":"https:\/\/agromt.news\/index.php?rest_route=%2Fwp%2Fv2%2Fcategories&post=20935"},{"taxonomy":"post_tag","embeddable":true,"href":"https:\/\/agromt.news\/index.php?rest_route=%2Fwp%2Fv2%2Ftags&post=20935"}],"curies":[{"name":"wp","href":"https:\/\/api.w.org\/{rel}","templated":true}]}}