{"id":20925,"date":"2025-09-26T15:27:26","date_gmt":"2025-09-26T19:27:26","guid":{"rendered":"https:\/\/agromt.news\/?p=20925"},"modified":"2025-09-26T15:27:26","modified_gmt":"2025-09-26T19:27:26","slug":"azerbaijao-abre-mercado-para-termoprocessados-brasileiros","status":"publish","type":"post","link":"https:\/\/agromt.news\/?p=20925","title":{"rendered":"Azerbaij\u00e3o abre mercado para termoprocessados brasileiros"},"content":{"rendered":"<p> <br \/>\n<br \/><img decoding=\"async\" src=\"https:\/\/agromt.news\/wp-content\/uploads\/2025\/09\/Azerbaijao-abre-mercado-para-termoprocessados-brasileiros.jpg\" \/><\/p>\n<div>\n<p>O Minist\u00e9rio da Agricultura e Pecu\u00e1ria <strong><a href=\"https:\/\/www.canalrural.com.br\/tag\/mapa\/\">(Mapa)<\/a><\/strong> anunciou nesta sexta-feira (26) a abertura do mercado do Azerbaij\u00e3o para os produtos c\u00e1rneos termoprocessados de aves e su\u00ednos do Brasil.<\/p>\n<p>A oficializa\u00e7\u00e3o foi comunicada pelas autoridades sanit\u00e1rias azeris. Para a Associa\u00e7\u00e3o Brasileira de Prote\u00edna Animal <strong><a href=\"https:\/\/www.canalrural.com.br\/tag\/abpa\/\">(ABPA)<\/a><\/strong>, o resultado representa um avan\u00e7o estrat\u00e9gico para o pa\u00eds em um mercado em plena expans\u00e3o no consumo de prote\u00edna animal.<\/p>\n<p>Segundo levantamento do Mapa, o consumo <em>per capita<\/em> de carne de frango no Azerbaij\u00e3o gira em torno de 15 quilos por habitante, com 141 mil toneladas consumidas internamente (dados de 2021), com proje\u00e7\u00f5es que indicam a possibilidade de alcan\u00e7ar at\u00e9 152 mil toneladas em 2026. <\/p>\n<p>No \u00faltimo ano, as importa\u00e7\u00f5es de carne de frango pelo pa\u00eds chegaram a 41,9 mil toneladas \u2013 volume 46% superior ao registrado em 2023 \u2013, com origem majorit\u00e1ria na Ucr\u00e2nia e na R\u00fassia.<\/p>\n<h2 class=\"wp-block-heading\" id=\"h-retomada-de-parceria\">Retomada de parceria<\/h2>\n<p>A ABPA destaca que, historicamente, o Brasil j\u00e1 registrou fluxos significativos de exporta\u00e7\u00e3o de carne de frango ao Azerbaij\u00e3o, encerrados em 2019 e retomados de forma pontual em 2024. <\/p>\n<p>J\u00e1 no caso da carne su\u00edna, apesar do baixo consumo naquele pa\u00eds, os embarques brasileiros responderam pela maior parte dos volumes importados nos \u00faltimos anos.<\/p>\n<p>A ABPA ressalta que, com a abertura para os termoprocessados, o setor produtivo projeta a retomada gradual da presen\u00e7a brasileira no mercado, com produtos alinhados \u00e0s exig\u00eancias locais e \u00e0 crescente demanda da popula\u00e7\u00e3o.<\/p>\n<p>De acordo com o presidente da Associa\u00e7\u00e3o, Ricardo Santin, a abertura amplia as perspectivas de acesso ao mercado azeri. <\/p>\n<p>\u201cO Brasil \u00e9 reconhecido mundialmente pela qualidade e seguran\u00e7a de seus produtos, que atendem aos mais rigorosos padr\u00f5es internacionais. A nova abertura refor\u00e7a, desta forma, nossa posi\u00e7\u00e3o como parceiro estrat\u00e9gico do Azerbaij\u00e3o, em um momento de crescimento consistente da demanda local \u201d, destacou.<\/p>\n<\/p><\/div>\n<p><br \/>\n<br \/><a href=\"https:\/\/www.canalrural.com.br\/agricultura\/aves-e-suinos-azerbaijao-abre-mercado-para-termoprocessados-brasileiros\/\">Source link <\/a><\/p>\n","protected":false},"excerpt":{"rendered":"<p>O Minist\u00e9rio da Agricultura e Pecu\u00e1ria (Mapa) anunciou nesta sexta-feira (26) a abertura do mercado do Azerbaij\u00e3o para os produtos<\/p>\n","protected":false},"author":1,"featured_media":20926,"comment_status":"open","ping_status":"open","sticky":false,"template":"","format":"standard","meta":{"_monsterinsights_skip_tracking":false,"_monsterinsights_sitenote_active":false,"_monsterinsights_sitenote_note":"","_monsterinsights_sitenote_category":0,"_uf_show_specific_survey":0,"_uf_disable_surveys":false,"footnotes":""},"categories":[1],"tags":[],"class_list":["post-20925","post","type-post","status-publish","format-standard","has-post-thumbnail","hentry","category-news"],"_links":{"self":[{"href":"https:\/\/agromt.news\/index.php?rest_route=\/wp\/v2\/posts\/20925"}],"collection":[{"href":"https:\/\/agromt.news\/index.php?rest_route=\/wp\/v2\/posts"}],"about":[{"href":"https:\/\/agromt.news\/index.php?rest_route=\/wp\/v2\/types\/post"}],"author":[{"embeddable":true,"href":"https:\/\/agromt.news\/index.php?rest_route=\/wp\/v2\/users\/1"}],"replies":[{"embeddable":true,"href":"https:\/\/agromt.news\/index.php?rest_route=%2Fwp%2Fv2%2Fcomments&post=20925"}],"version-history":[{"count":0,"href":"https:\/\/agromt.news\/index.php?rest_route=\/wp\/v2\/posts\/20925\/revisions"}],"wp:featuredmedia":[{"embeddable":true,"href":"https:\/\/agromt.news\/index.php?rest_route=\/wp\/v2\/media\/20926"}],"wp:attachment":[{"href":"https:\/\/agromt.news\/index.php?rest_route=%2Fwp%2Fv2%2Fmedia&parent=20925"}],"wp:term":[{"taxonomy":"category","embeddable":true,"href":"https:\/\/agromt.news\/index.php?rest_route=%2Fwp%2Fv2%2Fcategories&post=20925"},{"taxonomy":"post_tag","embeddable":true,"href":"https:\/\/agromt.news\/index.php?rest_route=%2Fwp%2Fv2%2Ftags&post=20925"}],"curies":[{"name":"wp","href":"https:\/\/api.w.org\/{rel}","templated":true}]}}