{"id":20923,"date":"2025-09-26T14:42:54","date_gmt":"2025-09-26T18:42:54","guid":{"rendered":"https:\/\/agromt.news\/?p=20923"},"modified":"2025-09-26T14:42:54","modified_gmt":"2025-09-26T18:42:54","slug":"soja-deve-ocupar-33-mil-hectares-em-municipio-de-mg-saiba-qual","status":"publish","type":"post","link":"https:\/\/agromt.news\/?p=20923","title":{"rendered":"Soja deve ocupar 33 mil hectares em munic\u00edpio de MG; saiba qual"},"content":{"rendered":"<p> <br \/>\n<br \/><img decoding=\"async\" src=\"https:\/\/agromt.news\/wp-content\/uploads\/2025\/09\/Soja-deve-ocupar-33-mil-hectares-em-municipio-de-MG.jpg\" \/><\/p>\n<div>\n<p>O<a href=\"https:\/\/www.canalrural.com.br\/?s=plantio+de+soja\"> plantio da safra 2025\/26<\/a> de soja em Minas Gerais poder\u00e1 ser iniciado a partir da pr\u00f3xima quarta-feira (1\u00ba), ap\u00f3s o fim do vazio sanit\u00e1rio. No Centro-Oeste mineiro, a \u00e1rea cultivada em Patos de Minas dever\u00e1 atingir 33 mil hectares, repetindo o volume da temporada anterior, conforme informa\u00e7\u00f5es da <a href=\"https:\/\/www.emater.mg.gov.br\/\">Emater <\/a>local.<\/p>\n<ul class=\"wp-block-list\">\n<li><strong><em>Fique por dentro das novidades e not\u00edcias recentes sobre a soja! Participe da nossa comunidade atrav\u00e9s do\u00a0<a href=\"https:\/\/chat.whatsapp.com\/BmMRwA0TZ2DHGyhzoaVEWu\">link<\/a>! \ud83c\udf31<\/em><\/strong><\/li>\n<\/ul>\n<h3 class=\"wp-block-heading\" id=\"h-produtividade-de-soja\">Produtividade de soja <\/h3>\n<p>O engenheiro-agr\u00f4nomo Fernando Jos\u00e9 da Silva destaca que a produtividade m\u00e9dia das lavouras deve alcan\u00e7ar 3.900 quilos por hectare, resultado semelhante ao obtido na \u00faltima safra e considerado satisfat\u00f3rio para a regi\u00e3o. <\/p>\n<p>Segundo Silva, as primeiras chuvas come\u00e7aram a aparecer nos \u00faltimos dias, o que trouxe al\u00edvio aos produtores ap\u00f3s o per\u00edodo de estiagem. Foram registrados 8,8 mil\u00edmetros em 22 de setembro, 2,6 mil\u00edmetros em 23 de setembro e 12,4 mil\u00edmetros em 24 de setembro, \u00edndices que indicam o in\u00edcio da retomada da umidade do solo.<\/p>\n<h3 class=\"wp-block-heading\" id=\"h-cautela\">Cautela <\/h3>\n<p>Os agricultores, no entanto, permanecem cautelosos e aguardam a regularidade das precipita\u00e7\u00f5es antes de colocar as m\u00e1quinas em campo. Caso o regime de chuvas se mantenha e se intensifique, h\u00e1 expectativa de que o cultivo da soja seja adiantado, o que poderia favorecer o calend\u00e1rio agr\u00edcola da regi\u00e3o e abrir espa\u00e7o para o planejamento de uma eventual segunda safra.<\/p>\n<h3 class=\"wp-block-heading\" id=\"h-numeros\">N\u00fameros<\/h3>\n<p>De acordo com levantamento da consultoria <a href=\"https:\/\/safras.com.br\/\">Safras &amp; Mercado<\/a>, a \u00e1rea total de soja em Minas Gerais dever\u00e1 alcan\u00e7ar 2,41 milh\u00f5es de hectares em 2025\/26, alta de 1,3% frente aos 2,38 milh\u00f5es de hectares da temporada anterior. <\/p>\n<p>A produ\u00e7\u00e3o estadual \u00e9 estimada em 9,544 milh\u00f5es de toneladas, 1,8% superior ao n\u00famero de 9,378 milh\u00f5es de toneladas colhidas em 2024\/25. O rendimento m\u00e9dio projetado \u00e9 de 3.980 quilos por hectare, ligeiramente acima dos 3.960 quilos da safra passada.<\/p>\n<\/p><\/div>\n<p><br \/>\n<br \/><a href=\"https:\/\/www.canalrural.com.br\/agricultura\/projeto-soja-brasil\/plantio-de-soja-deve-ocupar-33-mil-hectares-em-mg-saiba-onde\/\">Source link <\/a><\/p>\n","protected":false},"excerpt":{"rendered":"<p>O plantio da safra 2025\/26 de soja em Minas Gerais poder\u00e1 ser iniciado a partir da pr\u00f3xima quarta-feira (1\u00ba), ap\u00f3s<\/p>\n","protected":false},"author":1,"featured_media":20924,"comment_status":"open","ping_status":"open","sticky":false,"template":"","format":"standard","meta":{"_monsterinsights_skip_tracking":false,"_monsterinsights_sitenote_active":false,"_monsterinsights_sitenote_note":"","_monsterinsights_sitenote_category":0,"_uf_show_specific_survey":0,"_uf_disable_surveys":false,"footnotes":""},"categories":[1],"tags":[],"class_list":["post-20923","post","type-post","status-publish","format-standard","has-post-thumbnail","hentry","category-news"],"_links":{"self":[{"href":"https:\/\/agromt.news\/index.php?rest_route=\/wp\/v2\/posts\/20923"}],"collection":[{"href":"https:\/\/agromt.news\/index.php?rest_route=\/wp\/v2\/posts"}],"about":[{"href":"https:\/\/agromt.news\/index.php?rest_route=\/wp\/v2\/types\/post"}],"author":[{"embeddable":true,"href":"https:\/\/agromt.news\/index.php?rest_route=\/wp\/v2\/users\/1"}],"replies":[{"embeddable":true,"href":"https:\/\/agromt.news\/index.php?rest_route=%2Fwp%2Fv2%2Fcomments&post=20923"}],"version-history":[{"count":0,"href":"https:\/\/agromt.news\/index.php?rest_route=\/wp\/v2\/posts\/20923\/revisions"}],"wp:featuredmedia":[{"embeddable":true,"href":"https:\/\/agromt.news\/index.php?rest_route=\/wp\/v2\/media\/20924"}],"wp:attachment":[{"href":"https:\/\/agromt.news\/index.php?rest_route=%2Fwp%2Fv2%2Fmedia&parent=20923"}],"wp:term":[{"taxonomy":"category","embeddable":true,"href":"https:\/\/agromt.news\/index.php?rest_route=%2Fwp%2Fv2%2Fcategories&post=20923"},{"taxonomy":"post_tag","embeddable":true,"href":"https:\/\/agromt.news\/index.php?rest_route=%2Fwp%2Fv2%2Ftags&post=20923"}],"curies":[{"name":"wp","href":"https:\/\/api.w.org\/{rel}","templated":true}]}}