{"id":20921,"date":"2025-09-26T14:28:00","date_gmt":"2025-09-26T18:28:00","guid":{"rendered":"https:\/\/agromt.news\/?p=20921"},"modified":"2025-09-26T14:28:00","modified_gmt":"2025-09-26T18:28:00","slug":"principal-feira-de-vinhos-das-americas-deve-reunir-quase-40-paises","status":"publish","type":"post","link":"https:\/\/agromt.news\/?p=20921","title":{"rendered":"Principal feira de vinhos das Am\u00e9ricas deve reunir quase 40 pa\u00edses"},"content":{"rendered":"<p> <br \/>\n<\/p>\n<div>\n<p>A 6\u00aa edi\u00e7\u00e3o da ProWine S\u00e3o Paulo, considerada a maior feira profissional de vinhos e destilados das Am\u00e9ricas, acontecer\u00e1 entre os dias 30 de setembro e 2 de outubro, no Expo Center Norte, zona norte da capital paulista. <\/p>\n<p>De acordo com os organizadores, o evento reunir\u00e1 ao menos 36 pa\u00edses, atraindo importadores, distribuidores, sommeliers e profissionais do setor em busca de novos r\u00f3tulos e parcerias comerciais. A expectativa \u00e9 aumentar o p\u00fablico da edi\u00e7\u00e3o anterior, quando a feira recebeu mais de 15 mil visitantes.<\/p>\n<p>Al\u00e9m da presen\u00e7a internacional, a feira se vale do crescente apelo que a bebida tem exercido sobre o p\u00fablico brasileiro: nos primeiros meses de 2025, o consumo de vinhos no pa\u00eds cresceu 7% (entre r\u00f3tulos nacionais e importados) em rela\u00e7\u00e3o ao mesmo per\u00edodo do ano passado, conforme levantamento da Ideal BI Consulting. Enquanto isso, no mesmo intervalo, as <strong><a href=\"https:\/\/www.canalrural.com.br\/tag\/importacoes\/\">importa\u00e7\u00f5es<\/a><\/strong> aumentaram 14% em volume e 15% em valor.<\/p>\n<p>Segundo dados do setor, o Brasil vem registrando aumento no consumo de vinhos finos e no interesse por r\u00f3tulos de produ\u00e7\u00e3o limitada, o que cria oportunidades para produtores que unem tradi\u00e7\u00e3o e inova\u00e7\u00e3o.<\/p>\n<h2 class=\"wp-block-heading\" id=\"h-presenca-ilustre\">Presen\u00e7a ilustre<\/h2>\n<figure class=\"wp-block-image size-large\"><img fetchpriority=\"high\" decoding=\"async\" width=\"1024\" height=\"683\" alt=\"\" class=\"wp-image-4125370\"  data-lazy- src=\"https:\/\/agromt.news\/wp-content\/uploads\/2025\/09\/Principal-feira-de-vinhos-das-Americas-deve-reunir-quase-40.jpg\"\/><img decoding=\"async\" width=\"1024\" height=\"683\" src=\"https:\/\/agromt.news\/wp-content\/uploads\/2025\/09\/Principal-feira-de-vinhos-das-Americas-deve-reunir-quase-40.jpg\" alt=\"\" class=\"wp-image-4125370\"  \/><figcaption class=\"wp-element-caption\">En\u00f3logo Osvaldo Amado. Foto: Divulga\u00e7\u00e3o<\/figcaption><\/figure>\n<p>Entre os expositores confirmados na 6\u00aa edi\u00e7\u00e3o da ProWine S\u00e3o Paulo est\u00e1 o premiado en\u00f3logo Osvaldo Amado, que apresenta a vin\u00edcola Casa dos Amados e seus novos r\u00f3tulos ao mercado nacional. <\/p>\n<p>Reconhecido internacionalmente com mais de 4.100 medalhas em concursos de vinhos, Amado celebra nesta edi\u00e7\u00e3o a recente conquista do t\u00edtulo de \u201cMelhor Vinho do D\u00e3o 2025\u201d para o seu r\u00f3tulo Rar\u00edssimo DOC D\u00e3o Tinto 2009.<\/p>\n<p>A Casa dos Amados \u00e9 um projeto enol\u00f3gico que atravessa quatro das mais importantes regi\u00f5es vitivin\u00edcolas de Portugal: Bairrada, D\u00e3o, Beira Interior e Vinho Verde. De acordo com Amado, cada uma delas contribui com caracter\u00edsticas \u00fanicas de solo, clima e castas, permitindo que Amado explore ao m\u00e1ximo o potencial do terroir portugu\u00eas.<\/p>\n<h2 class=\"wp-block-heading\" id=\"h-servico\"><strong>Servi\u00e7o<\/strong><\/h2>\n<p><strong>O que:<\/strong> 6\u00aa edi\u00e7\u00e3o da ProWine S\u00e3o Paulo<br \/><strong>Quando:<\/strong> 30 de setembro a 2 de outubro<br \/><strong>Onde:<\/strong> Expo Center Norte (Rua Jos\u00e9 Bernardo Pinto, 333 \u2013 Vila Guilherme, S\u00e3o Paulo, SP)<br \/><strong><a href=\"https:\/\/easyexpo.com.br\/v3\/prowine\/25\/indvis\">Inscri\u00e7\u00f5es pelo site<\/a><\/strong><\/p>\n<\/p><\/div>\n<p><br \/>\n<br \/><a href=\"https:\/\/www.canalrural.com.br\/diversos\/principal-feira-de-vinhos-das-americas-deve-reunir-quase-40-paises\/\">Source link <\/a><\/p>\n","protected":false},"excerpt":{"rendered":"<p>A 6\u00aa edi\u00e7\u00e3o da ProWine S\u00e3o Paulo, considerada a maior feira profissional de vinhos e destilados das Am\u00e9ricas, acontecer\u00e1 entre<\/p>\n","protected":false},"author":1,"featured_media":20922,"comment_status":"open","ping_status":"open","sticky":false,"template":"","format":"standard","meta":{"_monsterinsights_skip_tracking":false,"_monsterinsights_sitenote_active":false,"_monsterinsights_sitenote_note":"","_monsterinsights_sitenote_category":0,"_uf_show_specific_survey":0,"_uf_disable_surveys":false,"footnotes":""},"categories":[1],"tags":[],"class_list":["post-20921","post","type-post","status-publish","format-standard","has-post-thumbnail","hentry","category-news"],"_links":{"self":[{"href":"https:\/\/agromt.news\/index.php?rest_route=\/wp\/v2\/posts\/20921"}],"collection":[{"href":"https:\/\/agromt.news\/index.php?rest_route=\/wp\/v2\/posts"}],"about":[{"href":"https:\/\/agromt.news\/index.php?rest_route=\/wp\/v2\/types\/post"}],"author":[{"embeddable":true,"href":"https:\/\/agromt.news\/index.php?rest_route=\/wp\/v2\/users\/1"}],"replies":[{"embeddable":true,"href":"https:\/\/agromt.news\/index.php?rest_route=%2Fwp%2Fv2%2Fcomments&post=20921"}],"version-history":[{"count":0,"href":"https:\/\/agromt.news\/index.php?rest_route=\/wp\/v2\/posts\/20921\/revisions"}],"wp:featuredmedia":[{"embeddable":true,"href":"https:\/\/agromt.news\/index.php?rest_route=\/wp\/v2\/media\/20922"}],"wp:attachment":[{"href":"https:\/\/agromt.news\/index.php?rest_route=%2Fwp%2Fv2%2Fmedia&parent=20921"}],"wp:term":[{"taxonomy":"category","embeddable":true,"href":"https:\/\/agromt.news\/index.php?rest_route=%2Fwp%2Fv2%2Fcategories&post=20921"},{"taxonomy":"post_tag","embeddable":true,"href":"https:\/\/agromt.news\/index.php?rest_route=%2Fwp%2Fv2%2Ftags&post=20921"}],"curies":[{"name":"wp","href":"https:\/\/api.w.org\/{rel}","templated":true}]}}