{"id":20917,"date":"2025-09-26T13:28:52","date_gmt":"2025-09-26T17:28:52","guid":{"rendered":"https:\/\/agromt.news\/?p=20917"},"modified":"2025-09-26T13:28:52","modified_gmt":"2025-09-26T17:28:52","slug":"morre-cicero-antonio-de-souza-criador-da-nelore-42-e-ex-diretor-da-abcz","status":"publish","type":"post","link":"https:\/\/agromt.news\/?p=20917","title":{"rendered":"Morre C\u00edcero Ant\u00f4nio de Souza, criador da Nelore 42 e ex-diretor da ABCZ"},"content":{"rendered":"<p> <br \/>\n<br \/><img decoding=\"async\" src=\"https:\/\/agromt.news\/wp-content\/uploads\/2025\/09\/Morre-Cicero-Antonio-de-Souza-criador-da-Nelore-42-e.jpg\" \/><\/p>\n<div>\n<p>A Associa\u00e7\u00e3o Brasileira dos Criadores de Zebu (ABCZ) informou nesta sexta-feira (26) o falecimento de C\u00edcero Ant\u00f4nio de Souza, aos 80 anos, em S\u00e3o Paulo (SP). <\/p>\n<p>Natural de Campo Grande (MS), ele era associado da entidade desde maio de 1992, diretor entre 2016 e 2019 e conselheiro consultivo em diferentes per\u00edodos.<\/p>\n<p>Souza atuava nas fazendas Nova Esperan\u00e7a, Indiapor\u00e3 e Serra Dourada, com sele\u00e7\u00e3o das ra\u00e7as nelore, gir e sindi, e era respons\u00e1vel pela marca Nelore 42, projeto voltado \u00e0 sele\u00e7\u00e3o da ra\u00e7a com crit\u00e9rios t\u00e9cnicos de avalia\u00e7\u00e3o gen\u00e9tica, sanidade e registro oficial. O criat\u00f3rio realiza leil\u00f5es homologados pela ABCZ e \u00e9 reconhecido no mercado de gen\u00e9tica bovina.<\/p>\n<p>Em nota oficial, o vice-presidente da ABCZ, Arnaldo Manuel de Souza Machado Borges, lamentou a perda. \u201cPerdemos um grande amigo! C\u00edcero era uma pessoa especial, companheiro importante na nossa gest\u00e3o, criador competente, alegre, cheio de vida e deixar\u00e1 muita saudade naqueles que tiveram o prazer de conviver com ele. Viveu bem, lutou o bom combate deixando boas lembran\u00e7as e bons exemplos para a fam\u00edlia. Que Deus o receba para o descanso eterno e ampare a todos neste momento dif\u00edcil\u201d, afirmou.<\/p>\n<p>Na pol\u00edtica, C\u00edcero foi deputado estadual em quatro mandatos, de 1986 a 2001, e presidiu a Assembleia Legislativa do Mato Grosso do Sul entre 1994 e 1996. Em 2001, ingressou no Tribunal de Contas do estado (TCE-MS), indicado pela Assembleia. No \u00f3rg\u00e3o, exerceu cargos de presidente e vice-presidente em diferentes per\u00edodos entre 2003 e 2014.<\/p>\n<\/p><\/div>\n<p><br \/>\n<br \/><a href=\"https:\/\/www.canalrural.com.br\/pecuaria\/morre-cicero-antonio-de-souza-criador-da-nelore-42-e-ex-diretor-da-abcz\/\">Source link <\/a><\/p>\n","protected":false},"excerpt":{"rendered":"<p>A Associa\u00e7\u00e3o Brasileira dos Criadores de Zebu (ABCZ) informou nesta sexta-feira (26) o falecimento de C\u00edcero Ant\u00f4nio de Souza, aos<\/p>\n","protected":false},"author":1,"featured_media":20918,"comment_status":"open","ping_status":"open","sticky":false,"template":"","format":"standard","meta":{"_monsterinsights_skip_tracking":false,"_monsterinsights_sitenote_active":false,"_monsterinsights_sitenote_note":"","_monsterinsights_sitenote_category":0,"_uf_show_specific_survey":0,"_uf_disable_surveys":false,"footnotes":""},"categories":[1],"tags":[],"class_list":["post-20917","post","type-post","status-publish","format-standard","has-post-thumbnail","hentry","category-news"],"_links":{"self":[{"href":"https:\/\/agromt.news\/index.php?rest_route=\/wp\/v2\/posts\/20917"}],"collection":[{"href":"https:\/\/agromt.news\/index.php?rest_route=\/wp\/v2\/posts"}],"about":[{"href":"https:\/\/agromt.news\/index.php?rest_route=\/wp\/v2\/types\/post"}],"author":[{"embeddable":true,"href":"https:\/\/agromt.news\/index.php?rest_route=\/wp\/v2\/users\/1"}],"replies":[{"embeddable":true,"href":"https:\/\/agromt.news\/index.php?rest_route=%2Fwp%2Fv2%2Fcomments&post=20917"}],"version-history":[{"count":0,"href":"https:\/\/agromt.news\/index.php?rest_route=\/wp\/v2\/posts\/20917\/revisions"}],"wp:featuredmedia":[{"embeddable":true,"href":"https:\/\/agromt.news\/index.php?rest_route=\/wp\/v2\/media\/20918"}],"wp:attachment":[{"href":"https:\/\/agromt.news\/index.php?rest_route=%2Fwp%2Fv2%2Fmedia&parent=20917"}],"wp:term":[{"taxonomy":"category","embeddable":true,"href":"https:\/\/agromt.news\/index.php?rest_route=%2Fwp%2Fv2%2Fcategories&post=20917"},{"taxonomy":"post_tag","embeddable":true,"href":"https:\/\/agromt.news\/index.php?rest_route=%2Fwp%2Fv2%2Ftags&post=20917"}],"curies":[{"name":"wp","href":"https:\/\/api.w.org\/{rel}","templated":true}]}}