{"id":20912,"date":"2025-09-26T12:44:17","date_gmt":"2025-09-26T16:44:17","guid":{"rendered":"https:\/\/agromt.news\/?p=20912"},"modified":"2025-09-26T12:44:17","modified_gmt":"2025-09-26T16:44:17","slug":"corredor-de-umidade-leva-chuvas-a-rondonia-e-mato-grosso","status":"publish","type":"post","link":"https:\/\/agromt.news\/?p=20912","title":{"rendered":"Corredor de umidade leva chuvas a Rond\u00f4nia e Mato Grosso"},"content":{"rendered":"<p> <br \/>\n<br \/><img decoding=\"async\" src=\"https:\/\/agromt.news\/wp-content\/uploads\/2025\/04\/confira-a-previsao-do-tempo-para-a-semana.jpg\" \/><\/p>\n<div>\n<p>O corredor de umidade continua ativo e traz temporais, principalmente para <strong><a href=\"http:\/\/www.canalrural.com.br\/tag\/rondonia\/\">Rond\u00f4nia <\/a><\/strong>e Mato Grosso. Essa chuva \u00e9 ben\u00e9fica para as pastagens, mas os pecuaristas devem estar atentos \u00e0s previs\u00f5es clim\u00e1ticas.<\/p>\n<div data-icp-cta=\"1\" id=\"icp-cta-unique\">Voc\u00ea quer entender como usar o clima a seu favor?<b> <\/b><a href=\"https:\/\/climacampo.canalrural.com.br\/climacampo_-01\">Preparamos um e-book exclusivo<\/a> para ajudar produtores rurais a se antecipar \u00e0s mudan\u00e7as do tempo e planejar melhor suas a\u00e7\u00f5es. Com base em previs\u00f5es meteorol\u00f3gicas confi\u00e1veis, ele oferece orienta\u00e7\u00f5es pr\u00e1ticas para proteger sua lavoura e otimizar seus resultados.<\/div>\n<p>De acordo com o meteorologista do Canal Rural, Arthur M\u00fcller, em Vilhena (RO) a previs\u00e3o para os pr\u00f3ximos 15 dias indica m\u00e1ximas variando entre 30 \u00b0C e 32 \u00b0C at\u00e9 a virada da quinzena. Ap\u00f3s esse per\u00edodo, as temperaturas podem chegar a 36 \u00b0C e 37 \u00b0C. A boa not\u00edcia \u00e9 que a chuva ser\u00e1 bem distribu\u00edda, com acumulados entre 50 e 70 mil\u00edmetros. Essa umidade \u00e9 crucial para a recupera\u00e7\u00e3o das pastagens e para o in\u00edcio da safra 2025\/2026.<\/p>\n<p><iframe title=\"CHUVA E CALOR INTENSO S\u00c3O DESTAQUES DA PR\u00d3XIMA SEMANA; CONFIRA\" width=\"800\" height=\"450\" src=\"https:\/\/www.youtube.com\/embed\/yKsCyVBqygc?feature=oembed\" frameborder=\"0\" allow=\"accelerometer; autoplay; clipboard-write; encrypted-media; gyroscope; picture-in-picture; web-share\" referrerpolicy=\"strict-origin-when-cross-origin\" allowfullscreen><\/iframe><\/p>\n<h2 class=\"wp-block-heading\" id=\"h-previsao-e-cuidados-para-os-pecuaristas\">Previs\u00e3o e cuidados para os pecuaristas<\/h2>\n<p>Nesta sexta-feira (26), a aten\u00e7\u00e3o deve ser redobrada para Rond\u00f4nia, oeste de Mato Grosso e \u00e1reas do noroeste de Mato Grosso do Sul. As previs\u00f5es apontam para nuvens carregadas, alta atividade el\u00e9trica e rajadas de vento intensas. Cuidados com as estruturas das fazendas e com o rebanho s\u00e3o essenciais durante esses temporais.<\/p>\n<p>Nos pr\u00f3ximos cinco dias, as temperaturas voltam a subir. No norte de Mato Grosso do Sul e no sul de Mato Grosso, as m\u00e1ximas podem alcan\u00e7ar 37 \u00b0C ou 38 \u00b0C. Esse calor, combinado com a umidade das chuvas, acelera o crescimento do capim, mas exige manejo cuidadoso para evitar o estresse t\u00e9rmico do gado.<\/p>\n<h2 class=\"wp-block-heading\" id=\"h-condicoes-climaticas-em-sao-paulo-e-outras-regioes\">Condi\u00e7\u00f5es clim\u00e1ticas em S\u00e3o Paulo e outras regi\u00f5es<\/h2>\n<p>O calor tamb\u00e9m ser\u00e1 um fator no interior de S\u00e3o Paulo, onde as m\u00e1ximas devem variar entre 29 \u00b0C e 33 \u00b0C na sexta e s\u00e1bado (27). No domingo (28), as temperaturas podem subir para 35 \u00b0C.<\/p>\n<p>A previs\u00e3o para a pr\u00f3xima semana traz boas not\u00edcias para as regi\u00f5es de pecu\u00e1ria que necessitam de chuvas. O interior de S\u00e3o Paulo, Paran\u00e1, Mato Grosso do Sul e sul de Goi\u00e1s devem receber entre 20 e 30 mil\u00edmetros em cinco dias, fundamental para a recupera\u00e7\u00e3o das pastagens.<\/p>\n<p>Essa condi\u00e7\u00e3o de chuvas mais volumosas tamb\u00e9m se aplica ao centro-leste de Mato Grosso. O retorno da umidade \u00e9 um sinal esperado pelos pecuaristas para otimizar o manejo das pastagens, permitindo a\u00e7\u00f5es como a aduba\u00e7\u00e3o de cobertura e garantindo pasto de qualidade na pr\u00f3xima esta\u00e7\u00e3o.<\/p>\n<p>Com informa\u00e7\u00f5es de: <a href=\"https:\/\/girodoboi.canalrural.com.br\/pecuaria\/chuva-e-calor-intenso-sao-destaques-da-proxima-semana-confira\/\" rel=\"nofollow\">girodoboi.canalrural.com.br<\/a>.<\/p>\n<p>Publicado com aux\u00edlio de intelig\u00eancia artificial e revis\u00e3o da Reda\u00e7\u00e3o Canal Rural.<\/p>\n<\/p><\/div>\n<p><br \/>\n<br \/><a href=\"https:\/\/www.canalrural.com.br\/tempo\/corredor-de-umidade-leva-chuvas-a-rondonia-e-mato-grosso\/\">Source link <\/a><\/p>\n","protected":false},"excerpt":{"rendered":"<p>O corredor de umidade continua ativo e traz temporais, principalmente para Rond\u00f4nia e Mato Grosso. Essa chuva \u00e9 ben\u00e9fica para<\/p>\n","protected":false},"author":1,"featured_media":12029,"comment_status":"open","ping_status":"open","sticky":false,"template":"","format":"standard","meta":{"_monsterinsights_skip_tracking":false,"_monsterinsights_sitenote_active":false,"_monsterinsights_sitenote_note":"","_monsterinsights_sitenote_category":0,"_uf_show_specific_survey":0,"_uf_disable_surveys":false,"footnotes":""},"categories":[1],"tags":[],"class_list":["post-20912","post","type-post","status-publish","format-standard","has-post-thumbnail","hentry","category-news"],"_links":{"self":[{"href":"https:\/\/agromt.news\/index.php?rest_route=\/wp\/v2\/posts\/20912"}],"collection":[{"href":"https:\/\/agromt.news\/index.php?rest_route=\/wp\/v2\/posts"}],"about":[{"href":"https:\/\/agromt.news\/index.php?rest_route=\/wp\/v2\/types\/post"}],"author":[{"embeddable":true,"href":"https:\/\/agromt.news\/index.php?rest_route=\/wp\/v2\/users\/1"}],"replies":[{"embeddable":true,"href":"https:\/\/agromt.news\/index.php?rest_route=%2Fwp%2Fv2%2Fcomments&post=20912"}],"version-history":[{"count":0,"href":"https:\/\/agromt.news\/index.php?rest_route=\/wp\/v2\/posts\/20912\/revisions"}],"wp:featuredmedia":[{"embeddable":true,"href":"https:\/\/agromt.news\/index.php?rest_route=\/wp\/v2\/media\/12029"}],"wp:attachment":[{"href":"https:\/\/agromt.news\/index.php?rest_route=%2Fwp%2Fv2%2Fmedia&parent=20912"}],"wp:term":[{"taxonomy":"category","embeddable":true,"href":"https:\/\/agromt.news\/index.php?rest_route=%2Fwp%2Fv2%2Fcategories&post=20912"},{"taxonomy":"post_tag","embeddable":true,"href":"https:\/\/agromt.news\/index.php?rest_route=%2Fwp%2Fv2%2Ftags&post=20912"}],"curies":[{"name":"wp","href":"https:\/\/api.w.org\/{rel}","templated":true}]}}