{"id":20910,"date":"2025-09-26T12:28:09","date_gmt":"2025-09-26T16:28:09","guid":{"rendered":"https:\/\/agromt.news\/?p=20910"},"modified":"2025-09-26T12:28:09","modified_gmt":"2025-09-26T16:28:09","slug":"tecnologia-garante-retorno-ja-na-primeira-safra-de-cafe","status":"publish","type":"post","link":"https:\/\/agromt.news\/?p=20910","title":{"rendered":"Tecnologia garante retorno j\u00e1 na primeira safra de caf\u00e9"},"content":{"rendered":"<p> <br \/>\n<\/p>\n<div>\n<div class=\"row\">\n<div class=\"col-lg col-infos mt-0 mt-lg-0\">\n<div class=\"section-sub-title\">\n<p itemprop=\"description\">&#13;<br \/>\n                                O projeto teve in\u00edcio em 1,5 hectare como um teste&#13;\n                            <\/p>\n<\/p><\/div>\n<div class=\"container\">\n<div class=\"row\">\n<div class=\"col-lg p-0\">\n<div>\n<div class=\"block-news-main-infos mt-3 text-start\">\n<p>                                            <strong class=\"fn\" itemprop=\"author\" style=\"color: rgb(112, 112, 112); \">&#13;<br \/>\n                                                <a href=\"https:\/\/www.agrolink.com.br\/noticias\/javascript:;\" class=\"text-uppercase\" target=\"_blank\" style=\"color: rgb(112, 112, 112); \" rel=\"noopener\">Agrolink<\/a>&#13;<br \/>\n&#13;<br \/>\n                                                    &#8211; Leonardo Gottems&#13;<br \/>\n&#13;<br \/>\n                                            <\/strong><br \/>\n                                        <\/p>\n<p>                                            <abbr><time datetime=\"2025 - 09 - 25T06:00\" itemprop=\"datePublished dateModified\"> Publicado em 25\/09\/2025 \u00e0s 06:00h.<\/time><\/abbr>\n                                    <\/div>\n<\/p><\/div>\n<\/p><\/div>\n<div class=\"col-lg p-0 text-lg-end\">\n<div>\n<div id=\"mdEnviarPagina\" class=\"modal fade\" role=\"dialog\">\n<div class=\"modal-dialog\">\n<div class=\"modal-content\">\n<div class=\"modal-body\">\n<p><strong>Estimado usu\u00e1rio.<\/strong><br \/>Preencha o formul\u00e1rio abaixo para remeter a p\u00e1gina.<\/p>\n<\/p><\/div>\n<\/p><\/div>\n<\/p><\/div>\n<\/div><\/div>\n<\/p><\/div>\n<\/p><\/div>\n<\/p><\/div>\n<\/p><\/div>\n<\/p><\/div>\n<div class=\"row justify-content-md-center mt-3\">\n<div class=\"col-lg-auto col-image block-news-main-image\">\n<p>                                <img decoding=\"async\" src=\"https:\/\/www.agrolink.com.br\/upload\/imagens-resizes\/dc2e7ea613ed4e9894820a33231933d5_858x483.jpg\" class=\"lazyload img-fluid\" alt=\"O projeto teve in\u00edcio em 1,5 hectare como um teste\"\/><br \/>\n                                                <span class=\"d-block mt-1\">O projeto teve in\u00edcio em 1,5 hectare como um teste &#8211; Foto: Pixabay<\/span><\/p><\/div>\n<\/p><\/div>\n<div class=\"section-description section-description-noticias mt-3\">\n<p>A Fazenda Estiva, em S\u00e3o Jo\u00e3o da Boa Vista (SP), mostra como a irriga\u00e7\u00e3o por gotejamento pode revolucionar a cafeicultura. Com 180 hectares de caf\u00e9 ar\u00e1bica irrigados, a fam\u00edlia de produtores registrou um aumento m\u00e9dio de 40 sacas por hectare, alcan\u00e7ando at\u00e9 65 sacas por hectare contra as 25 no sequeiro. O retorno do investimento veio j\u00e1 na primeira safra, garantindo ganhos consistentes.&#13;\n<\/p>\n<p>Segundo os produtores, a ado\u00e7\u00e3o da tecnologia n\u00e3o representou apenas um avan\u00e7o produtivo, mas tamb\u00e9m uma mudan\u00e7a de mentalidade. O uso da \u00e1gua de forma precisa trouxe seguran\u00e7a, sustentabilidade e maior qualidade ao caf\u00e9, que tamb\u00e9m apresentou melhorias expressivas no padr\u00e3o final.<\/p>\n<p>\u201cCom a irriga\u00e7\u00e3o, em dois anos e meio n\u00f3s produzimos em torno de 60, chegando at\u00e9 65 sacas por hectare. Antes, no sequeiro, esse n\u00famero n\u00e3o passava de 25 sacas. \u00c9 um salto impressionante\u201d, relata o produtor Ma\u00e9rcio Diogo de Oliveira, que administra a propriedade ao lado do irm\u00e3o.&#13;\n<\/p>\n<p>O projeto teve in\u00edcio em 1,5 hectare como um teste e rapidamente evoluiu para toda a propriedade, diante dos resultados impressionantes. A parceria entre a Netafim e a Bolsa Irriga foi fundamental para viabilizar a tecnologia e oferecer suporte t\u00e9cnico, assegurando efici\u00eancia e longevidade ao sistema.<\/p>\n<p>Com a fertirriga\u00e7\u00e3o, os produtores destacam que os ganhos n\u00e3o se restringem ao volume de sacas, mas tamb\u00e9m ao retorno financeiro e \u00e0 valoriza\u00e7\u00e3o do produto. A experi\u00eancia da Fazenda Estiva refor\u00e7a a viabilidade da irriga\u00e7\u00e3o por gotejamento no caf\u00e9, quebrando paradigmas em uma regi\u00e3o que antes n\u00e3o era tradicionalmente irrigada.<br \/>&#13;<br \/>\n\u00a0&#13;\n<\/p>\n<\/p><\/div>\n<\/p><\/div>\n<p><script data-cfasync=\"false\">\n    !function (f, b, e, v, n, t, s) {\n        if (f.fbq) return; n = f.fbq = function () {\n            n.callMethod ?\n                n.callMethod.apply(n, arguments) : n.queue.push(arguments)\n        };\n        if (!f._fbq) f._fbq = n; n.push = n; n.loaded = !0; n.version = '2.0';\n        n.queue = []; t = b.createElement(e); t.async = !0;\n        t.src = v; s = b.getElementsByTagName(e)[0];\n        s.parentNode.insertBefore(t, s)\n    }(window, document, 'script',\n        'https:\/\/connect.facebook.net\/en_US\/fbevents.js');\n    fbq('init', '522546078623747');\n    fbq('track', 'PageView');\n<\/script><br \/>\n<br \/><br \/>\n<br \/><a href=\"https:\/\/www.agrolink.com.br\/noticias\/tecnologia-garante-retorno-ja-na-primeira-safra-de-cafe_506321.html\">Source link <\/a><\/p>\n","protected":false},"excerpt":{"rendered":"<p>&#13; O projeto teve in\u00edcio em 1,5 hectare como um teste&#13; &#13; Agrolink&#13; &#13; &#8211; Leonardo Gottems&#13; &#13; Publicado em<\/p>\n","protected":false},"author":1,"featured_media":7466,"comment_status":"open","ping_status":"open","sticky":false,"template":"","format":"standard","meta":{"_monsterinsights_skip_tracking":false,"_monsterinsights_sitenote_active":false,"_monsterinsights_sitenote_note":"","_monsterinsights_sitenote_category":0,"_uf_show_specific_survey":0,"_uf_disable_surveys":false,"footnotes":""},"categories":[8,1,14],"tags":[],"class_list":["post-20910","post","type-post","status-publish","format-standard","has-post-thumbnail","hentry","category-agro","category-news","category-politica-agro"],"_links":{"self":[{"href":"https:\/\/agromt.news\/index.php?rest_route=\/wp\/v2\/posts\/20910"}],"collection":[{"href":"https:\/\/agromt.news\/index.php?rest_route=\/wp\/v2\/posts"}],"about":[{"href":"https:\/\/agromt.news\/index.php?rest_route=\/wp\/v2\/types\/post"}],"author":[{"embeddable":true,"href":"https:\/\/agromt.news\/index.php?rest_route=\/wp\/v2\/users\/1"}],"replies":[{"embeddable":true,"href":"https:\/\/agromt.news\/index.php?rest_route=%2Fwp%2Fv2%2Fcomments&post=20910"}],"version-history":[{"count":0,"href":"https:\/\/agromt.news\/index.php?rest_route=\/wp\/v2\/posts\/20910\/revisions"}],"wp:featuredmedia":[{"embeddable":true,"href":"https:\/\/agromt.news\/index.php?rest_route=\/wp\/v2\/media\/7466"}],"wp:attachment":[{"href":"https:\/\/agromt.news\/index.php?rest_route=%2Fwp%2Fv2%2Fmedia&parent=20910"}],"wp:term":[{"taxonomy":"category","embeddable":true,"href":"https:\/\/agromt.news\/index.php?rest_route=%2Fwp%2Fv2%2Fcategories&post=20910"},{"taxonomy":"post_tag","embeddable":true,"href":"https:\/\/agromt.news\/index.php?rest_route=%2Fwp%2Fv2%2Ftags&post=20910"}],"curies":[{"name":"wp","href":"https:\/\/api.w.org\/{rel}","templated":true}]}}