{"id":20906,"date":"2025-09-26T11:59:30","date_gmt":"2025-09-26T15:59:30","guid":{"rendered":"https:\/\/agromt.news\/?p=20906"},"modified":"2025-09-26T11:59:30","modified_gmt":"2025-09-26T15:59:30","slug":"deral-projeta-aumento-na-area-plantada-no-parana","status":"publish","type":"post","link":"https:\/\/agromt.news\/?p=20906","title":{"rendered":"Deral projeta aumento na \u00e1rea plantada no Paran\u00e1"},"content":{"rendered":"<p> <br \/>\n<br \/><img decoding=\"async\" src=\"https:\/\/agromt.news\/wp-content\/uploads\/2025\/09\/Deral-projeta-aumento-na-area-plantada-no-Parana.jpg\" \/><\/p>\n<div>\n<p>Produtores do <strong><a href=\"https:\/\/www.canalrural.com.br\/nacional\/parana\/\">Paran\u00e1 <\/a><\/strong>devem semear uma \u00e1rea 19% maior de milho 1\u00aa safra, segundo novas proje\u00e7\u00f5es do Departamento de Economia Rural (Deral), da Secretaria de Agricultura do estado (Seab), referentes ao dia 22 de setembro. Para a soja, no entanto, a \u00e1rea semeada deve ficar praticamente est\u00e1vel, com uma ligeira redu\u00e7\u00e3o, de 5,771 milh\u00f5es de hectares no ciclo 2024\/25 para 5,770 milh\u00f5es na temporada vigente.<\/p>\n<p>Para a safra de ver\u00e3o do milho, 333,8 mil hectares ser\u00e3o dedicados \u00e0 cultura. O volume de produ\u00e7\u00e3o deve ser de 3,40 milh\u00f5es de toneladas, 11% acima de 2024\/25. A produtividade m\u00e9dia esperada \u00e9 de 10.207 kg\/ha, ante 10.875 kg\/ha no ciclo anterior.<\/p>\n<p>Conforme o Deral, os paranaenses devem colher, em condi\u00e7\u00f5es normais, 21,9 milh\u00f5es de toneladas de soja, 4% mais em rela\u00e7\u00e3o ao ciclo anterior, que foi de 21,1 milh\u00f5es de toneladas. A produtividade m\u00e9dia \u00e9 estimada em 3.802 quilos por hectare, ante 3.672 kg\/ha.<\/p>\n<p>Quanto ao trigo 2024\/25, em fase de colheita, o Deral reduziu a estimativa de \u00e1rea, de 1,106 milh\u00e3o de hectares na safra 2023\/24 para 824,9 mil hectares em 2024\/25, uma queda de 25%. A produ\u00e7\u00e3o esperada \u00e9 de 2,678,9 milh\u00f5es de toneladas, ante 2,324 milh\u00f5es de toneladas na temporada anterior, alta de 15%. A produtividade m\u00e9dia estimada \u00e9 de 3.2584 kg\/ha.<\/p>\n<\/p><\/div>\n<p><br \/>\n<br \/><a href=\"https:\/\/www.canalrural.com.br\/agricultura\/safra-2025-26-deral-projeta-aumento-de-19-na-area-plantada-com-milho-no-parana\/\">Source link <\/a><\/p>\n","protected":false},"excerpt":{"rendered":"<p>Produtores do Paran\u00e1 devem semear uma \u00e1rea 19% maior de milho 1\u00aa safra, segundo novas proje\u00e7\u00f5es do Departamento de Economia<\/p>\n","protected":false},"author":1,"featured_media":20907,"comment_status":"open","ping_status":"open","sticky":false,"template":"","format":"standard","meta":{"_monsterinsights_skip_tracking":false,"_monsterinsights_sitenote_active":false,"_monsterinsights_sitenote_note":"","_monsterinsights_sitenote_category":0,"_uf_show_specific_survey":0,"_uf_disable_surveys":false,"footnotes":""},"categories":[1],"tags":[],"class_list":["post-20906","post","type-post","status-publish","format-standard","has-post-thumbnail","hentry","category-news"],"_links":{"self":[{"href":"https:\/\/agromt.news\/index.php?rest_route=\/wp\/v2\/posts\/20906"}],"collection":[{"href":"https:\/\/agromt.news\/index.php?rest_route=\/wp\/v2\/posts"}],"about":[{"href":"https:\/\/agromt.news\/index.php?rest_route=\/wp\/v2\/types\/post"}],"author":[{"embeddable":true,"href":"https:\/\/agromt.news\/index.php?rest_route=\/wp\/v2\/users\/1"}],"replies":[{"embeddable":true,"href":"https:\/\/agromt.news\/index.php?rest_route=%2Fwp%2Fv2%2Fcomments&post=20906"}],"version-history":[{"count":0,"href":"https:\/\/agromt.news\/index.php?rest_route=\/wp\/v2\/posts\/20906\/revisions"}],"wp:featuredmedia":[{"embeddable":true,"href":"https:\/\/agromt.news\/index.php?rest_route=\/wp\/v2\/media\/20907"}],"wp:attachment":[{"href":"https:\/\/agromt.news\/index.php?rest_route=%2Fwp%2Fv2%2Fmedia&parent=20906"}],"wp:term":[{"taxonomy":"category","embeddable":true,"href":"https:\/\/agromt.news\/index.php?rest_route=%2Fwp%2Fv2%2Fcategories&post=20906"},{"taxonomy":"post_tag","embeddable":true,"href":"https:\/\/agromt.news\/index.php?rest_route=%2Fwp%2Fv2%2Ftags&post=20906"}],"curies":[{"name":"wp","href":"https:\/\/api.w.org\/{rel}","templated":true}]}}