{"id":20904,"date":"2025-09-26T11:45:12","date_gmt":"2025-09-26T15:45:12","guid":{"rendered":"https:\/\/agromt.news\/?p=20904"},"modified":"2025-09-26T11:45:12","modified_gmt":"2025-09-26T15:45:12","slug":"a-abertura-nacional-do-plantio-da-soja-esta-chegando","status":"publish","type":"post","link":"https:\/\/agromt.news\/?p=20904","title":{"rendered":"a Abertura Nacional do Plantio da Soja est\u00e1 chegando!"},"content":{"rendered":"<p> <br \/>\n<br \/><img decoding=\"async\" src=\"https:\/\/agromt.news\/wp-content\/uploads\/2025\/09\/a-Abertura-Nacional-do-Plantio-da-Soja-esta-chegando.png\" \/><\/p>\n<div>\n<p>Sete dias! Isso mesmo, falta apenas uma semana para a largada oficial da temporada 25\/26 do plantio de soja no Brasil. No dia 3 de outubro, \u00e0s 9h (hor\u00e1rio de Bras\u00edlia), Sidrol\u00e2ndia (MS) receber\u00e1 a <a href=\"https:\/\/www.canalrural.com.br\/?s=abertura+nacional+do+plantio+da+soja\">Abertura Nacional do Plantio da Soja<\/a>, evento realizado na Fazenda Recanto.<\/p>\n<p>O encontro, que tamb\u00e9m marca o in\u00edcio da <a href=\"https:\/\/www.canalrural.com.br\/agricultura\/projeto-soja-brasil\/\">14\u00aa temporada do projeto Soja Brasil<\/a>, ser\u00e1 transmitido ao vivo pela televis\u00e3o e pelas redes sociais do Canal Rural. N\u00e3o vai ficar de fora dessa grande celebra\u00e7\u00e3o, n\u00e9? Clique <a href=\"https:\/\/eventos.canalrural.com.br\/plantio-da-soja?_gl=1*gz1id9*_ga*NTk3MzU1NjEzLjE3NDg2MTcyMTY.*_ga_4Z7XXTBDRP*czE3NTgyODU2MjckbzUxJGcxJHQxNzU4Mjg4MDg4JGo2MCRsMCRoMA..*_gcl_au*MTE5OTgzODIzMi4xNzUyMjUxOTMz*_ga_Y1X353CDF4*czE3NTgyODU2MjckbzE5JGcxJHQxNzU4Mjg4MDg5JGo1OCRsMCRoODY3NDY1Nzcx\">aqui <\/a>e garanta sua vaga!<\/p>\n<ul class=\"wp-block-list\">\n<li><strong><em>Fique por dentro das novidades e not\u00edcias recentes sobre a soja! Participe da nossa comunidade atrav\u00e9s do\u00a0<a href=\"https:\/\/chat.whatsapp.com\/BmMRwA0TZ2DHGyhzoaVEWu\">link<\/a>! \ud83c\udf31<\/em><\/strong><\/li>\n<\/ul>\n<p>Organizado pelo<a href=\"https:\/\/www.canalrural.com.br\/\"> Canal Rural<\/a>, em parceria com a <a href=\"https:\/\/aprosojabrasil.com.br\/\">Aprosoja Brasil<\/a>, o encontro reunir\u00e1 produtores rurais e especialistas para discutir os principais desafios e oportunidades da nova temporada da oleaginosa. Na pauta estar\u00e3o diferentes temas, como mercado internacional da oleaginosa, as condi\u00e7\u00f5es clim\u00e1ticas previstas e os impactos do cen\u00e1rio geopol\u00edtico sobre a produ\u00e7\u00e3o.<\/p>\n<p>A programa\u00e7\u00e3o conta com a abertura oficial com os anfitri\u00f5es, apresenta\u00e7\u00e3o dos parceiros do Projeto Soja Brasil, painel sobre os caminhos do agroneg\u00f3cio, biocombust\u00edveis e novas oportunidades para o setor. Para encerrar, as autoridades dar\u00e3o a largada das m\u00e1quinas em campo. N\u00e3o fique de fora!<\/p>\n<p><iframe title=\"Abertura Nacional do Plantio da Soja 25\/26\" width=\"800\" height=\"450\" src=\"https:\/\/www.youtube.com\/embed\/X02Z3JTRyGI?feature=oembed\" frameborder=\"0\" allow=\"accelerometer; autoplay; clipboard-write; encrypted-media; gyroscope; picture-in-picture; web-share\" referrerpolicy=\"strict-origin-when-cross-origin\" allowfullscreen><\/iframe><noscript><iframe title=\"Abertura Nacional do Plantio da Soja 25\/26\" width=\"800\" height=\"450\" src=\"https:\/\/www.youtube.com\/embed\/X02Z3JTRyGI?feature=oembed\" frameborder=\"0\" allow=\"accelerometer; autoplay; clipboard-write; encrypted-media; gyroscope; picture-in-picture; web-share\" referrerpolicy=\"strict-origin-when-cross-origin\" allowfullscreen><\/iframe><\/noscript><\/p><\/div>\n<p><br \/>\n<br \/><a href=\"https:\/\/www.canalrural.com.br\/agricultura\/projeto-soja-brasil\/falta-apenas-uma-semana-a-abertura-nacional-do-plantio-da-soja-esta-chegando\/\">Source link <\/a><\/p>\n","protected":false},"excerpt":{"rendered":"<p>Sete dias! Isso mesmo, falta apenas uma semana para a largada oficial da temporada 25\/26 do plantio de soja no<\/p>\n","protected":false},"author":1,"featured_media":20905,"comment_status":"open","ping_status":"open","sticky":false,"template":"","format":"standard","meta":{"_monsterinsights_skip_tracking":false,"_monsterinsights_sitenote_active":false,"_monsterinsights_sitenote_note":"","_monsterinsights_sitenote_category":0,"_uf_show_specific_survey":0,"_uf_disable_surveys":false,"footnotes":""},"categories":[1],"tags":[],"class_list":["post-20904","post","type-post","status-publish","format-standard","has-post-thumbnail","hentry","category-news"],"_links":{"self":[{"href":"https:\/\/agromt.news\/index.php?rest_route=\/wp\/v2\/posts\/20904"}],"collection":[{"href":"https:\/\/agromt.news\/index.php?rest_route=\/wp\/v2\/posts"}],"about":[{"href":"https:\/\/agromt.news\/index.php?rest_route=\/wp\/v2\/types\/post"}],"author":[{"embeddable":true,"href":"https:\/\/agromt.news\/index.php?rest_route=\/wp\/v2\/users\/1"}],"replies":[{"embeddable":true,"href":"https:\/\/agromt.news\/index.php?rest_route=%2Fwp%2Fv2%2Fcomments&post=20904"}],"version-history":[{"count":0,"href":"https:\/\/agromt.news\/index.php?rest_route=\/wp\/v2\/posts\/20904\/revisions"}],"wp:featuredmedia":[{"embeddable":true,"href":"https:\/\/agromt.news\/index.php?rest_route=\/wp\/v2\/media\/20905"}],"wp:attachment":[{"href":"https:\/\/agromt.news\/index.php?rest_route=%2Fwp%2Fv2%2Fmedia&parent=20904"}],"wp:term":[{"taxonomy":"category","embeddable":true,"href":"https:\/\/agromt.news\/index.php?rest_route=%2Fwp%2Fv2%2Fcategories&post=20904"},{"taxonomy":"post_tag","embeddable":true,"href":"https:\/\/agromt.news\/index.php?rest_route=%2Fwp%2Fv2%2Ftags&post=20904"}],"curies":[{"name":"wp","href":"https:\/\/api.w.org\/{rel}","templated":true}]}}