{"id":20902,"date":"2025-09-26T11:31:01","date_gmt":"2025-09-26T15:31:01","guid":{"rendered":"https:\/\/agromt.news\/?p=20902"},"modified":"2025-09-26T11:31:01","modified_gmt":"2025-09-26T15:31:01","slug":"chuvas-trazem-otimismo-para-o-setor-citricola-mas-ventos-fortes-preocupam","status":"publish","type":"post","link":"https:\/\/agromt.news\/?p=20902","title":{"rendered":"Chuvas trazem otimismo para o setor citr\u00edcola, mas ventos fortes preocupam"},"content":{"rendered":"<p> <br \/>\n<br \/><img decoding=\"async\" src=\"https:\/\/agromt.news\/wp-content\/uploads\/2025\/09\/Chuvas-trazem-otimismo-para-o-setor-citricola-mas-ventos-fortes.png\" \/><\/p>\n<div>\n<p>A retomada das chuvas nas \u00e1reas citr\u00edcolas de S\u00e3o Paulo, Paran\u00e1 e de parte de Minas Gerais trouxe otimismo aos agentes do setor. A chuva favorece a florada da safra 2026\/27 que se aproxima, como aponta o <a href=\"https:\/\/www.canalrural.com.br\/tag\/cepea\/\">Centro de Estudos Avan\u00e7ados em Economia Aplicada (Cepea).<\/a><\/p>\n<p>Por outro lado, conforme o instituto, os ventos intensos que acompanharam essas chuvas causaram alguns preju\u00edzos, sobretudo com a queda de frutas, que j\u00e1 preocupa nesta temporada, devido ao avan\u00e7o do greening e do cancro c\u00edtrico.\u00a0<\/p>\n<p>Quanto aos pre\u00e7os, levantamentos do Cepea mostram que, no mercado de mesa, a demanda aquecida vem sustentando os pre\u00e7os da fruta.\u00a0<\/p>\n<p>No caso da ind\u00fastria, a prefer\u00eancia tem sido por compras no spot em detrimento dos contratos. Os poucos firmados apresentam valores pr\u00f3ximos de R$ 50,00\/cx, com exig\u00eancia m\u00ednima de brix elevado, conforme relatado por agentes do setor ao centro de pesquisas.<\/p>\n<p><em>*Sob supervis\u00e3o de Luis Roberto Toledo<\/em><\/p>\n<\/p><\/div>\n<p><br \/>\n<br \/><a href=\"https:\/\/www.canalrural.com.br\/agricultura\/chuvas-trazem-otimismo-para-o-setor-citricola-mas-ventos-fortes-preocupam\/\">Source link <\/a><\/p>\n","protected":false},"excerpt":{"rendered":"<p>A retomada das chuvas nas \u00e1reas citr\u00edcolas de S\u00e3o Paulo, Paran\u00e1 e de parte de Minas Gerais trouxe otimismo aos<\/p>\n","protected":false},"author":1,"featured_media":20903,"comment_status":"open","ping_status":"open","sticky":false,"template":"","format":"standard","meta":{"_monsterinsights_skip_tracking":false,"_monsterinsights_sitenote_active":false,"_monsterinsights_sitenote_note":"","_monsterinsights_sitenote_category":0,"_uf_show_specific_survey":0,"_uf_disable_surveys":false,"footnotes":""},"categories":[1],"tags":[],"class_list":["post-20902","post","type-post","status-publish","format-standard","has-post-thumbnail","hentry","category-news"],"_links":{"self":[{"href":"https:\/\/agromt.news\/index.php?rest_route=\/wp\/v2\/posts\/20902"}],"collection":[{"href":"https:\/\/agromt.news\/index.php?rest_route=\/wp\/v2\/posts"}],"about":[{"href":"https:\/\/agromt.news\/index.php?rest_route=\/wp\/v2\/types\/post"}],"author":[{"embeddable":true,"href":"https:\/\/agromt.news\/index.php?rest_route=\/wp\/v2\/users\/1"}],"replies":[{"embeddable":true,"href":"https:\/\/agromt.news\/index.php?rest_route=%2Fwp%2Fv2%2Fcomments&post=20902"}],"version-history":[{"count":0,"href":"https:\/\/agromt.news\/index.php?rest_route=\/wp\/v2\/posts\/20902\/revisions"}],"wp:featuredmedia":[{"embeddable":true,"href":"https:\/\/agromt.news\/index.php?rest_route=\/wp\/v2\/media\/20903"}],"wp:attachment":[{"href":"https:\/\/agromt.news\/index.php?rest_route=%2Fwp%2Fv2%2Fmedia&parent=20902"}],"wp:term":[{"taxonomy":"category","embeddable":true,"href":"https:\/\/agromt.news\/index.php?rest_route=%2Fwp%2Fv2%2Fcategories&post=20902"},{"taxonomy":"post_tag","embeddable":true,"href":"https:\/\/agromt.news\/index.php?rest_route=%2Fwp%2Fv2%2Ftags&post=20902"}],"curies":[{"name":"wp","href":"https:\/\/api.w.org\/{rel}","templated":true}]}}