{"id":20900,"date":"2025-09-26T11:01:19","date_gmt":"2025-09-26T15:01:19","guid":{"rendered":"https:\/\/agromt.news\/?p=20900"},"modified":"2025-09-26T11:01:19","modified_gmt":"2025-09-26T15:01:19","slug":"precos-dos-ovos-caem-para-os-menores-patamares-desde-janeiro","status":"publish","type":"post","link":"https:\/\/agromt.news\/?p=20900","title":{"rendered":"Pre\u00e7os dos ovos caem para os menores patamares desde janeiro"},"content":{"rendered":"<p> <br \/>\n<br \/><img decoding=\"async\" src=\"https:\/\/agromt.news\/wp-content\/uploads\/2025\/02\/Como-os-auditores-agropecuarios-fiscalizarao-ovos-a-partir-de-5.jpg\" \/><\/p>\n<div>\n<p>Os pre\u00e7os dos ovos voltaram a cair em setembro, para os menores patamares desde janeiro\/25. isso \u00e9 o que mostram os apontamentos do <a href=\"https:\/\/www.canalrural.com.br\/tag\/cepea\/\">Centro de Estudos Avan\u00e7ados em Economia Aplicada (Cepea).<\/a>\u00a0<\/p>\n<p>Segundo o instituto, as vendas da prote\u00edna estiveram mais lentas a partir da segunda quinzena deste m\u00eas, aumentando os estoques nas granjas.\u00a0<\/p>\n<p>Pesquisadores ressaltam que esse desempenho acende um alerta para o setor, j\u00e1 que as cota\u00e7\u00f5es v\u00eam recuando no mercado dom\u00e9stico desde abril,\u00a0 com exce\u00e7\u00e3o de agosto onde o fim das f\u00e9rias escolares aqueceu a demanda\u00a0 e elevou os pre\u00e7os.\u00a0<\/p>\n<p>O movimento repete, em parte, o observado no ano passado. No per\u00edodo os valores ca\u00edram por seis meses consecutivos, de abril a setembro, pressionados pela maior oferta interna. Neste ano, no entanto, as exporta\u00e7\u00f5es contribu\u00edram para reduzir a intensidade das quedas em rela\u00e7\u00e3o ao mesmo per\u00edodo de 2024.<\/p>\n<p><em>*Sob supervis\u00e3o de Luis Roberto Toledo<\/em><\/p>\n<\/p><\/div>\n<p><br \/>\n<br \/><a href=\"https:\/\/www.canalrural.com.br\/aves-e-suinos\/precos-dos-ovos-caem-para-os-menores-patamares-desde-janeiro\/\">Source link <\/a><\/p>\n","protected":false},"excerpt":{"rendered":"<p>Os pre\u00e7os dos ovos voltaram a cair em setembro, para os menores patamares desde janeiro\/25. isso \u00e9 o que mostram<\/p>\n","protected":false},"author":1,"featured_media":9838,"comment_status":"open","ping_status":"open","sticky":false,"template":"","format":"standard","meta":{"_monsterinsights_skip_tracking":false,"_monsterinsights_sitenote_active":false,"_monsterinsights_sitenote_note":"","_monsterinsights_sitenote_category":0,"_uf_show_specific_survey":0,"_uf_disable_surveys":false,"footnotes":""},"categories":[1],"tags":[],"class_list":["post-20900","post","type-post","status-publish","format-standard","has-post-thumbnail","hentry","category-news"],"_links":{"self":[{"href":"https:\/\/agromt.news\/index.php?rest_route=\/wp\/v2\/posts\/20900"}],"collection":[{"href":"https:\/\/agromt.news\/index.php?rest_route=\/wp\/v2\/posts"}],"about":[{"href":"https:\/\/agromt.news\/index.php?rest_route=\/wp\/v2\/types\/post"}],"author":[{"embeddable":true,"href":"https:\/\/agromt.news\/index.php?rest_route=\/wp\/v2\/users\/1"}],"replies":[{"embeddable":true,"href":"https:\/\/agromt.news\/index.php?rest_route=%2Fwp%2Fv2%2Fcomments&post=20900"}],"version-history":[{"count":0,"href":"https:\/\/agromt.news\/index.php?rest_route=\/wp\/v2\/posts\/20900\/revisions"}],"wp:featuredmedia":[{"embeddable":true,"href":"https:\/\/agromt.news\/index.php?rest_route=\/wp\/v2\/media\/9838"}],"wp:attachment":[{"href":"https:\/\/agromt.news\/index.php?rest_route=%2Fwp%2Fv2%2Fmedia&parent=20900"}],"wp:term":[{"taxonomy":"category","embeddable":true,"href":"https:\/\/agromt.news\/index.php?rest_route=%2Fwp%2Fv2%2Fcategories&post=20900"},{"taxonomy":"post_tag","embeddable":true,"href":"https:\/\/agromt.news\/index.php?rest_route=%2Fwp%2Fv2%2Ftags&post=20900"}],"curies":[{"name":"wp","href":"https:\/\/api.w.org\/{rel}","templated":true}]}}