{"id":20899,"date":"2025-09-26T10:47:29","date_gmt":"2025-09-26T14:47:29","guid":{"rendered":"https:\/\/agromt.news\/?p=20899"},"modified":"2025-09-26T10:47:29","modified_gmt":"2025-09-26T14:47:29","slug":"precos-do-frango-avancam-pela-primeira-vez-desde-a-gripe-aviaria","status":"publish","type":"post","link":"https:\/\/agromt.news\/?p=20899","title":{"rendered":"Pre\u00e7os do frango avan\u00e7am pela primeira vez desde a gripe avi\u00e1ria"},"content":{"rendered":"<p> <br \/>\n<br \/><img decoding=\"async\" src=\"https:\/\/agromt.news\/wp-content\/uploads\/2025\/04\/bObjRnpY-frangoemb01.jpg\" \/><\/p>\n<div>\n<p>Pela primeira vez desde o epis\u00f3dio da gripe avi\u00e1ria em uma granja comercial do Brasil, em maio, os pre\u00e7os m\u00e9dios da carne de frango avan\u00e7am frente aos do m\u00eas anterior. Isso \u00e9 o que mostram os levantamentos do <a href=\"https:\/\/www.canalrural.com.br\/tag\/cepea\/\">Centro de Estudos Avan\u00e7ados em Economia Aplicada (Cepea).<\/a><\/p>\n<p>Segundo o instituto, na parcial de setembro (at\u00e9 o dia 24), o frango congelado est\u00e1 sendo negociado no atacado da Grande S\u00e3o Paulo \u00e0 m\u00e9dia de R$ 7,40\/kg. O valor est\u00e1 6,3% acima da m\u00e9dia de agosto, mas ainda abaixo dos R$ 8,60\/kg de maio\/25.<\/p>\n<p>Pesquisadores explicam que a recupera\u00e7\u00e3o dos valores est\u00e1 atrelada sobretudo ao reaquecimento das exporta\u00e7\u00f5es brasileiras de carne av\u00edcola ao longo deste m\u00eas, que vem ajudando a enxugar a oferta dom\u00e9stica.\u00a0<\/p>\n<p>O retorno das vendas \u00e0 Uni\u00e3o Europeia nesta segunda quinzena,\u00a0 que estavam suspensas desde maio, bem como a expectativa de retomada dos embarques \u00e0 China refor\u00e7am o otimismo do setor nacional.<\/p>\n<p><em>*Sob supervis\u00e3o de Luis Roberto Toledo<\/em><\/p>\n<\/p><\/div>\n<p><br \/>\n<br \/><a href=\"https:\/\/www.canalrural.com.br\/aves-e-suinos\/precos-do-frango-avancam-pela-primeira-vez-desde-a-gripe-aviaria\/\">Source link <\/a><\/p>\n","protected":false},"excerpt":{"rendered":"<p>Pela primeira vez desde o epis\u00f3dio da gripe avi\u00e1ria em uma granja comercial do Brasil, em maio, os pre\u00e7os m\u00e9dios<\/p>\n","protected":false},"author":1,"featured_media":12814,"comment_status":"open","ping_status":"open","sticky":false,"template":"","format":"standard","meta":{"_monsterinsights_skip_tracking":false,"_monsterinsights_sitenote_active":false,"_monsterinsights_sitenote_note":"","_monsterinsights_sitenote_category":0,"_uf_show_specific_survey":0,"_uf_disable_surveys":false,"footnotes":""},"categories":[1],"tags":[],"class_list":["post-20899","post","type-post","status-publish","format-standard","has-post-thumbnail","hentry","category-news"],"_links":{"self":[{"href":"https:\/\/agromt.news\/index.php?rest_route=\/wp\/v2\/posts\/20899"}],"collection":[{"href":"https:\/\/agromt.news\/index.php?rest_route=\/wp\/v2\/posts"}],"about":[{"href":"https:\/\/agromt.news\/index.php?rest_route=\/wp\/v2\/types\/post"}],"author":[{"embeddable":true,"href":"https:\/\/agromt.news\/index.php?rest_route=\/wp\/v2\/users\/1"}],"replies":[{"embeddable":true,"href":"https:\/\/agromt.news\/index.php?rest_route=%2Fwp%2Fv2%2Fcomments&post=20899"}],"version-history":[{"count":0,"href":"https:\/\/agromt.news\/index.php?rest_route=\/wp\/v2\/posts\/20899\/revisions"}],"wp:featuredmedia":[{"embeddable":true,"href":"https:\/\/agromt.news\/index.php?rest_route=\/wp\/v2\/media\/12814"}],"wp:attachment":[{"href":"https:\/\/agromt.news\/index.php?rest_route=%2Fwp%2Fv2%2Fmedia&parent=20899"}],"wp:term":[{"taxonomy":"category","embeddable":true,"href":"https:\/\/agromt.news\/index.php?rest_route=%2Fwp%2Fv2%2Fcategories&post=20899"},{"taxonomy":"post_tag","embeddable":true,"href":"https:\/\/agromt.news\/index.php?rest_route=%2Fwp%2Fv2%2Ftags&post=20899"}],"curies":[{"name":"wp","href":"https:\/\/api.w.org\/{rel}","templated":true}]}}